{"id":17210,"date":"2026-02-09T08:29:41","date_gmt":"2026-02-09T07:29:41","guid":{"rendered":"https:\/\/agora.xtec.cat\/ceip-jruyra-l-h\/?p=17210"},"modified":"2026-02-09T08:29:41","modified_gmt":"2026-02-09T07:29:41","slug":"a-infantil-fem-cagar-el-tio-2","status":"publish","type":"post","link":"https:\/\/agora.xtec.cat\/ceip-jruyra-l-h\/infantil\/a-infantil-fem-cagar-el-tio-2\/","title":{"rendered":"A infantil fem cagar el Ti\u00f3!"},"content":{"rendered":"<p>Benvolgudes fam\u00edlies,<\/p>\n<p>Despr\u00e9s de baixar de la muntanya i passar tants dies amb nosaltres sense parar de menjar, ha passat all\u00f2 que era inevitable: el Ti\u00f3 ha cagat! Quina quantitat de regals que ens ha portat! Nom\u00e9s feia falta una condici\u00f3: cantar ben fort la seva can\u00e7\u00f3. Voleu acompanyar-nos en aquest dia tan m\u00e0gic?<\/p>\n<p><iframe loading=\"lazy\" src=\"\/\/www.youtube.com\/embed\/clVVJkGk42Q\" width=\"560\" height=\"314\"><\/iframe><\/p>\n<p><iframe loading=\"lazy\" src=\"\/\/www.youtube.com\/embed\/no_4z6RuQI0\" width=\"560\" height=\"314\"><\/iframe><\/p>\n<p><iframe loading=\"lazy\" src=\"\/\/www.youtube.com\/embed\/Z7r_GbEWbHU\" width=\"560\" height=\"314\"><\/iframe><\/p>\n<p>Aqu\u00ed teniu la galeria de fotografies:<\/p>\n<p><a href=\"https:\/\/drive.google.com\/drive\/folders\/1BVBpMLevJg0UDl7JTP08qrxmC0OaVmyj?usp=sharing\">https:\/\/drive.google.com\/drive\/folders\/1BVBpMLevJg0UDl7JTP08qrxmC0OaVmyj?usp=sharing<\/a><\/p>\n","protected":false},"excerpt":{"rendered":"<p>Benvolgudes fam\u00edlies,<br \/>\nDespr\u00e9s de baixar de la muntanya i passar tants dies amb nosaltres sense parar de menjar, ha passat all\u00f2 que era inevitable: el Ti\u00f3 ha cagat! Quina quantitat de regals que ens ha portat! Nom\u00e9s feia falta una condici\u00f3: cantar ben fort la seva&hellip;  <a href=\"https:\/\/agora.xtec.cat\/ceip-jruyra-l-h\/infantil\/a-infantil-fem-cagar-el-tio-2\/\" title=\"Read A infantil fem cagar el Ti\u00f3!\">Llegeix m\u00e9s\u00bb<\/a><\/p>\n","protected":false},"author":13,"featured_media":17211,"comment_status":"open","ping_status":"open","sticky":false,"template":"","format":"standard","meta":{"_bbp_topic_count":0,"_bbp_reply_count":0,"_bbp_total_topic_count":0,"_bbp_total_reply_count":0,"_bbp_voice_count":0,"_bbp_anonymous_reply_count":0,"_bbp_topic_count_hidden":0,"_bbp_reply_count_hidden":0,"_bbp_forum_subforum_count":0,"footnotes":""},"categories":[2,3,8,9,4],"tags":[],"class_list":["post-17210","post","type-post","status-publish","format-standard","has-post-thumbnail","hentry","category-infantil","category-i3","category-i4","category-i5","category-portada"],"post_mailing_queue_ids":[],"_links":{"self":[{"href":"https:\/\/agora.xtec.cat\/ceip-jruyra-l-h\/wp-json\/wp\/v2\/posts\/17210","targetHints":{"allow":["GET"]}}],"collection":[{"href":"https:\/\/agora.xtec.cat\/ceip-jruyra-l-h\/wp-json\/wp\/v2\/posts"}],"about":[{"href":"https:\/\/agora.xtec.cat\/ceip-jruyra-l-h\/wp-json\/wp\/v2\/types\/post"}],"author":[{"embeddable":true,"href":"https:\/\/agora.xtec.cat\/ceip-jruyra-l-h\/wp-json\/wp\/v2\/users\/13"}],"replies":[{"embeddable":true,"href":"https:\/\/agora.xtec.cat\/ceip-jruyra-l-h\/wp-json\/wp\/v2\/comments?post=17210"}],"version-history":[{"count":1,"href":"https:\/\/agora.xtec.cat\/ceip-jruyra-l-h\/wp-json\/wp\/v2\/posts\/17210\/revisions"}],"predecessor-version":[{"id":17212,"href":"https:\/\/agora.xtec.cat\/ceip-jruyra-l-h\/wp-json\/wp\/v2\/posts\/17210\/revisions\/17212"}],"wp:featuredmedia":[{"embeddable":true,"href":"https:\/\/agora.xtec.cat\/ceip-jruyra-l-h\/wp-json\/wp\/v2\/media\/17211"}],"wp:attachment":[{"href":"https:\/\/agora.xtec.cat\/ceip-jruyra-l-h\/wp-json\/wp\/v2\/media?parent=17210"}],"wp:term":[{"taxonomy":"category","embeddable":true,"href":"https:\/\/agora.xtec.cat\/ceip-jruyra-l-h\/wp-json\/wp\/v2\/categories?post=17210"},{"taxonomy":"post_tag","embeddable":true,"href":"https:\/\/agora.xtec.cat\/ceip-jruyra-l-h\/wp-json\/wp\/v2\/tags?post=17210"}],"curies":[{"name":"wp","href":"https:\/\/api.w.org\/{rel}","templated":true}]}}