{"id":17122,"date":"2025-11-22T08:49:54","date_gmt":"2025-11-22T07:49:54","guid":{"rendered":"https:\/\/agora.xtec.cat\/ceip-jruyra-l-h\/?p=17122"},"modified":"2025-11-18T08:50:01","modified_gmt":"2025-11-18T07:50:01","slug":"i5-el-tast-de-la-tardor","status":"publish","type":"post","link":"https:\/\/agora.xtec.cat\/ceip-jruyra-l-h\/infantil\/i5\/i5-el-tast-de-la-tardor\/","title":{"rendered":"I5 &#8211; El tast de la tardor"},"content":{"rendered":"<p>Hola fam\u00edlies,<\/p>\n<p>Qu\u00e8 tenen en com\u00fa unes taronges, unes pomes, peres i caquis, ra\u00efm, ametlles, nous i avellanes,&#8230;? Doncs que tots s\u00f3n fruits, uns de carnosos i d\u2019altres de secs i agafen molta for\u00e7a durant la tardor.<\/p>\n<p>Dels fruits secs ja n\u2019hem fet servir per cuinar els nostres panellets, per\u00f2 per qu\u00e8 no afegir-ne de carnosos per fer un bon tast, per compartir amb els companys colors, sabors, etc.<\/p>\n<p>Voleu veure quin berenar m\u00e9s bo ens hem preparat? Doncs no us perdeu el seg\u00fcent enlla\u00e7!!!<\/p>\n<p><a href=\"https:\/\/drive.google.com\/drive\/folders\/1-NPWTr2PZYp4-glHO-ruHlzDJELibzOL?usp=sharing\">https:\/\/drive.google.com\/drive\/folders\/1-NPWTr2PZYp4-glHO-ruHlzDJELibzOL?usp=sharing<\/a><\/p>\n","protected":false},"excerpt":{"rendered":"<p>Hola fam\u00edlies,<br \/>\nQu\u00e8 tenen en com\u00fa unes taronges, unes pomes, peres i caquis, ra\u00efm, ametlles, nous i avellanes,&#8230;? Doncs que tots s\u00f3n fruits, uns de carnosos i d\u2019altres de secs i agafen molta for\u00e7a durant la tardor.<br \/>\nDels fruits secs ja n\u2019hem fet servir per cuinar els&hellip;  <a href=\"https:\/\/agora.xtec.cat\/ceip-jruyra-l-h\/infantil\/i5\/i5-el-tast-de-la-tardor\/\" title=\"Read I5 &#8211; El tast de la tardor\">Llegeix m\u00e9s\u00bb<\/a><\/p>\n","protected":false},"author":19,"featured_media":17123,"comment_status":"open","ping_status":"open","sticky":false,"template":"","format":"standard","meta":{"_bbp_topic_count":0,"_bbp_reply_count":0,"_bbp_total_topic_count":0,"_bbp_total_reply_count":0,"_bbp_voice_count":0,"_bbp_anonymous_reply_count":0,"_bbp_topic_count_hidden":0,"_bbp_reply_count_hidden":0,"_bbp_forum_subforum_count":0,"footnotes":""},"categories":[9],"tags":[],"class_list":["post-17122","post","type-post","status-publish","format-standard","has-post-thumbnail","hentry","category-i5"],"post_mailing_queue_ids":[],"_links":{"self":[{"href":"https:\/\/agora.xtec.cat\/ceip-jruyra-l-h\/wp-json\/wp\/v2\/posts\/17122","targetHints":{"allow":["GET"]}}],"collection":[{"href":"https:\/\/agora.xtec.cat\/ceip-jruyra-l-h\/wp-json\/wp\/v2\/posts"}],"about":[{"href":"https:\/\/agora.xtec.cat\/ceip-jruyra-l-h\/wp-json\/wp\/v2\/types\/post"}],"author":[{"embeddable":true,"href":"https:\/\/agora.xtec.cat\/ceip-jruyra-l-h\/wp-json\/wp\/v2\/users\/19"}],"replies":[{"embeddable":true,"href":"https:\/\/agora.xtec.cat\/ceip-jruyra-l-h\/wp-json\/wp\/v2\/comments?post=17122"}],"version-history":[{"count":1,"href":"https:\/\/agora.xtec.cat\/ceip-jruyra-l-h\/wp-json\/wp\/v2\/posts\/17122\/revisions"}],"predecessor-version":[{"id":17124,"href":"https:\/\/agora.xtec.cat\/ceip-jruyra-l-h\/wp-json\/wp\/v2\/posts\/17122\/revisions\/17124"}],"wp:featuredmedia":[{"embeddable":true,"href":"https:\/\/agora.xtec.cat\/ceip-jruyra-l-h\/wp-json\/wp\/v2\/media\/17123"}],"wp:attachment":[{"href":"https:\/\/agora.xtec.cat\/ceip-jruyra-l-h\/wp-json\/wp\/v2\/media?parent=17122"}],"wp:term":[{"taxonomy":"category","embeddable":true,"href":"https:\/\/agora.xtec.cat\/ceip-jruyra-l-h\/wp-json\/wp\/v2\/categories?post=17122"},{"taxonomy":"post_tag","embeddable":true,"href":"https:\/\/agora.xtec.cat\/ceip-jruyra-l-h\/wp-json\/wp\/v2\/tags?post=17122"}],"curies":[{"name":"wp","href":"https:\/\/api.w.org\/{rel}","templated":true}]}}