{"id":17104,"date":"2025-11-17T09:50:18","date_gmt":"2025-11-17T08:50:18","guid":{"rendered":"https:\/\/agora.xtec.cat\/ceip-jruyra-l-h\/?p=17104"},"modified":"2025-11-12T09:50:27","modified_gmt":"2025-11-12T08:50:27","slug":"presentacions-orals-a-2n","status":"publish","type":"post","link":"https:\/\/agora.xtec.cat\/ceip-jruyra-l-h\/primaria\/presentacions-orals-a-2n\/","title":{"rendered":"Presentacions orals a 2n"},"content":{"rendered":"<p>Els i les alumnes de 2n han realitzat <strong>quatre maquetes en grup sobre els h\u00e0bitats:<\/strong> el desert, la selva, la sabana i l\u2019oce\u00e0.<\/p>\n<p>A m\u00e9s, per primera vegada han fet una <strong>presentaci\u00f3 oral<\/strong> davant dels nens i nenes de 4t.<\/p>\n<p>Han estat molt valents i valentes, han treballat molt i el resultat ha estat genial!<\/p>\n<p>Hem gaudit molt aprenent sobre els diferents h\u00e0bitats i compartint el que hem apr\u00e8s amb els companys i companyes m\u00e9s grans.<\/p>\n<p>Estem molt orgullosos i orgulloses de la feina feta!<\/p>\n<p>Aqu\u00ed us deixem unes <a href=\"https:\/\/drive.google.com\/drive\/folders\/13HXSMkT00AeM0R7vHPMCL2O-ac38X6Qe\">fotografies i v\u00eddeos.<\/a><\/p>\n<p><img decoding=\"async\" class=\"alignnone size-full wp-image-17105\" src=\"https:\/\/agora.xtec.cat\/ceip-jruyra-l-h\/wp-content\/uploads\/usu2049\/2025\/11\/IMG_8664.heic\" alt=\"\" \/><a href=\"https:\/\/drive.google.com\/drive\/folders\/13HXSMkT00AeM0R7vHPMCL2O-ac38X6Qe\"><img loading=\"lazy\" decoding=\"async\" class=\"wp-image-17107 aligncenter\" src=\"https:\/\/agora.xtec.cat\/ceip-jruyra-l-h\/wp-content\/uploads\/usu2049\/2025\/11\/nnn-1024x768.jpg\" alt=\"\" width=\"443\" height=\"333\" srcset=\"https:\/\/agora.xtec.cat\/ceip-jruyra-l-h\/wp-content\/uploads\/usu2049\/2025\/11\/nnn-1024x768.jpg 1024w, https:\/\/agora.xtec.cat\/ceip-jruyra-l-h\/wp-content\/uploads\/usu2049\/2025\/11\/nnn-300x225.jpg 300w, https:\/\/agora.xtec.cat\/ceip-jruyra-l-h\/wp-content\/uploads\/usu2049\/2025\/11\/nnn-768x576.jpg 768w, https:\/\/agora.xtec.cat\/ceip-jruyra-l-h\/wp-content\/uploads\/usu2049\/2025\/11\/nnn-1536x1152.jpg 1536w, https:\/\/agora.xtec.cat\/ceip-jruyra-l-h\/wp-content\/uploads\/usu2049\/2025\/11\/nnn-2048x1536.jpg 2048w, https:\/\/agora.xtec.cat\/ceip-jruyra-l-h\/wp-content\/uploads\/usu2049\/2025\/11\/nnn-200x150.jpg 200w\" sizes=\"auto, (max-width: 443px) 100vw, 443px\" \/><\/a><\/p>\n","protected":false},"excerpt":{"rendered":"<p>Els i les alumnes de 2n han realitzat quatre maquetes en grup sobre els h\u00e0bitats: el desert, la selva, la sabana i l\u2019oce\u00e0.<br \/>\nA m\u00e9s, per primera vegada han fet una presentaci\u00f3 oral davant dels nens i nenes de 4t.<br \/>\nHan estat molt valents i valentes, han&hellip;  <a href=\"https:\/\/agora.xtec.cat\/ceip-jruyra-l-h\/primaria\/presentacions-orals-a-2n\/\" title=\"Read Presentacions orals a 2n\">Llegeix m\u00e9s\u00bb<\/a><\/p>\n","protected":false},"author":72,"featured_media":0,"comment_status":"open","ping_status":"open","sticky":false,"template":"","format":"standard","meta":{"_bbp_topic_count":0,"_bbp_reply_count":0,"_bbp_total_topic_count":0,"_bbp_total_reply_count":0,"_bbp_voice_count":0,"_bbp_anonymous_reply_count":0,"_bbp_topic_count_hidden":0,"_bbp_reply_count_hidden":0,"_bbp_forum_subforum_count":0,"footnotes":""},"categories":[11,5],"tags":[],"class_list":["post-17104","post","type-post","status-publish","format-standard","hentry","category-2n","category-primaria"],"post_mailing_queue_ids":[],"_links":{"self":[{"href":"https:\/\/agora.xtec.cat\/ceip-jruyra-l-h\/wp-json\/wp\/v2\/posts\/17104","targetHints":{"allow":["GET"]}}],"collection":[{"href":"https:\/\/agora.xtec.cat\/ceip-jruyra-l-h\/wp-json\/wp\/v2\/posts"}],"about":[{"href":"https:\/\/agora.xtec.cat\/ceip-jruyra-l-h\/wp-json\/wp\/v2\/types\/post"}],"author":[{"embeddable":true,"href":"https:\/\/agora.xtec.cat\/ceip-jruyra-l-h\/wp-json\/wp\/v2\/users\/72"}],"replies":[{"embeddable":true,"href":"https:\/\/agora.xtec.cat\/ceip-jruyra-l-h\/wp-json\/wp\/v2\/comments?post=17104"}],"version-history":[{"count":1,"href":"https:\/\/agora.xtec.cat\/ceip-jruyra-l-h\/wp-json\/wp\/v2\/posts\/17104\/revisions"}],"predecessor-version":[{"id":17108,"href":"https:\/\/agora.xtec.cat\/ceip-jruyra-l-h\/wp-json\/wp\/v2\/posts\/17104\/revisions\/17108"}],"wp:attachment":[{"href":"https:\/\/agora.xtec.cat\/ceip-jruyra-l-h\/wp-json\/wp\/v2\/media?parent=17104"}],"wp:term":[{"taxonomy":"category","embeddable":true,"href":"https:\/\/agora.xtec.cat\/ceip-jruyra-l-h\/wp-json\/wp\/v2\/categories?post=17104"},{"taxonomy":"post_tag","embeddable":true,"href":"https:\/\/agora.xtec.cat\/ceip-jruyra-l-h\/wp-json\/wp\/v2\/tags?post=17104"}],"curies":[{"name":"wp","href":"https:\/\/api.w.org\/{rel}","templated":true}]}}