{"id":17064,"date":"2025-11-06T17:34:44","date_gmt":"2025-11-06T16:34:44","guid":{"rendered":"https:\/\/agora.xtec.cat\/ceip-jruyra-l-h\/?p=17064"},"modified":"2025-11-12T10:00:00","modified_gmt":"2025-11-12T09:00:00","slug":"la-sortida-al-parc-guell","status":"publish","type":"post","link":"https:\/\/agora.xtec.cat\/ceip-jruyra-l-h\/primaria\/2n\/la-sortida-al-parc-guell\/","title":{"rendered":"La sortida al Parc G\u00fcell"},"content":{"rendered":"<p data-start=\"140\" data-end=\"354\">Sab\u00edeu que l\u2019any <strong data-start=\"157\" data-end=\"165\">2026<\/strong> far\u00e0 <strong data-start=\"171\" data-end=\"209\">100 anys de la mort d\u2019Antoni Gaud\u00ed<\/strong>? \ud83d\ude2e Doncs a l\u2019escola ens hem convertit en <strong data-start=\"252\" data-end=\"285\">petits artistes i arquitectes<\/strong> per descobrir tots els secrets d\u2019aquest geni del modernisme! \ud83c\udfa8\ud83c\udfd7\ufe0f<\/p>\n<p data-start=\"140\" data-end=\"354\"><img loading=\"lazy\" decoding=\"async\" class=\"alignnone size-full wp-image-17065\" src=\"https:\/\/agora.xtec.cat\/ceip-jruyra-l-h\/wp-content\/uploads\/usu2049\/2025\/11\/parcc.png\" alt=\"\" width=\"957\" height=\"654\" srcset=\"https:\/\/agora.xtec.cat\/ceip-jruyra-l-h\/wp-content\/uploads\/usu2049\/2025\/11\/parcc.png 957w, https:\/\/agora.xtec.cat\/ceip-jruyra-l-h\/wp-content\/uploads\/usu2049\/2025\/11\/parcc-300x205.png 300w, https:\/\/agora.xtec.cat\/ceip-jruyra-l-h\/wp-content\/uploads\/usu2049\/2025\/11\/parcc-768x525.png 768w\" sizes=\"auto, (max-width: 957px) 100vw, 957px\" \/><\/p>\n<p data-start=\"356\" data-end=\"604\">Ahir vam fer una sortida molt especial al <strong data-start=\"398\" data-end=\"412\">Parc G\u00fcell<\/strong>, una de les seves creacions m\u00e9s m\u00e0giques. Ens van deixar bocabadats els <strong data-start=\"485\" data-end=\"511\">trencadissos de colors<\/strong> \ud83c\udf08 i, sobretot, la famosa <strong data-start=\"538\" data-end=\"552\">salamandra<\/strong>, que ten\u00edem tantes ganes de veure en directe! \ud83e\udd8e\u2728<\/p>\n<p data-start=\"356\" data-end=\"604\"><img loading=\"lazy\" decoding=\"async\" class=\"wp-image-17066 aligncenter\" src=\"https:\/\/agora.xtec.cat\/ceip-jruyra-l-h\/wp-content\/uploads\/usu2049\/2025\/11\/drac.png\" alt=\"\" width=\"339\" height=\"388\" srcset=\"https:\/\/agora.xtec.cat\/ceip-jruyra-l-h\/wp-content\/uploads\/usu2049\/2025\/11\/drac.png 561w, https:\/\/agora.xtec.cat\/ceip-jruyra-l-h\/wp-content\/uploads\/usu2049\/2025\/11\/drac-262x300.png 262w\" sizes=\"auto, (max-width: 339px) 100vw, 339px\" \/><\/p>\n<p data-start=\"606\" data-end=\"777\">Vam caminar molt (molt\u00edssim!), per\u00f2 cada pas va valer la pena. Ens ho vam passar genial i vam aprendre un munt de coses sobre Gaud\u00ed i la seva imaginaci\u00f3 sense l\u00edmits! \ud83d\udca1<\/p>\n<p data-start=\"606\" data-end=\"777\"><img loading=\"lazy\" decoding=\"async\" class=\"wp-image-17068 aligncenter\" src=\"https:\/\/agora.xtec.cat\/ceip-jruyra-l-h\/wp-content\/uploads\/usu2049\/2025\/11\/Onada.png\" alt=\"\" width=\"231\" height=\"288\" srcset=\"https:\/\/agora.xtec.cat\/ceip-jruyra-l-h\/wp-content\/uploads\/usu2049\/2025\/11\/Onada.png 526w, https:\/\/agora.xtec.cat\/ceip-jruyra-l-h\/wp-content\/uploads\/usu2049\/2025\/11\/Onada-240x300.png 240w\" sizes=\"auto, (max-width: 231px) 100vw, 231px\" \/><\/p>\n<p data-start=\"779\" data-end=\"871\">Aqu\u00ed us deixem algunes fotos per recordar aquest <strong data-start=\"828\" data-end=\"864\">dia tan especial i cultural!<\/strong> \ud83d\udcf8\ud83d\udc9b<a href=\"https:\/\/drive.google.com\/drive\/folders\/1tB5WrUsGiN1UVpb-qPZc0IIMN8DRda3R?usp=drive_link\">https:\/\/drive.google.com\/drive\/folders\/1tB5WrUsGiN1UVpb-qPZc0IIMN8DRda3R?usp=drive_link<\/a><\/p>\n","protected":false},"excerpt":{"rendered":"<p>Sab\u00edeu que l\u2019any 2026 far\u00e0 100 anys de la mort d\u2019Antoni Gaud\u00ed? \ud83d\ude2e Doncs a l\u2019escola ens hem convertit en petits artistes i arquitectes per descobrir tots els secrets d\u2019aquest geni del modernisme! \ud83c\udfa8\ud83c\udfd7\ufe0f<\/p>\n<p>Ahir vam fer una sortida molt especial al Parc G\u00fcell, una de&hellip;  <a href=\"https:\/\/agora.xtec.cat\/ceip-jruyra-l-h\/primaria\/2n\/la-sortida-al-parc-guell\/\" title=\"Read La sortida al Parc G\u00fcell\">Llegeix m\u00e9s\u00bb<\/a><\/p>\n","protected":false},"author":71,"featured_media":17070,"comment_status":"open","ping_status":"open","sticky":false,"template":"","format":"standard","meta":{"_bbp_topic_count":0,"_bbp_reply_count":0,"_bbp_total_topic_count":0,"_bbp_total_reply_count":0,"_bbp_voice_count":0,"_bbp_anonymous_reply_count":0,"_bbp_topic_count_hidden":0,"_bbp_reply_count_hidden":0,"_bbp_forum_subforum_count":0,"footnotes":""},"categories":[11],"tags":[],"class_list":["post-17064","post","type-post","status-publish","format-standard","has-post-thumbnail","hentry","category-2n"],"post_mailing_queue_ids":[],"_links":{"self":[{"href":"https:\/\/agora.xtec.cat\/ceip-jruyra-l-h\/wp-json\/wp\/v2\/posts\/17064","targetHints":{"allow":["GET"]}}],"collection":[{"href":"https:\/\/agora.xtec.cat\/ceip-jruyra-l-h\/wp-json\/wp\/v2\/posts"}],"about":[{"href":"https:\/\/agora.xtec.cat\/ceip-jruyra-l-h\/wp-json\/wp\/v2\/types\/post"}],"author":[{"embeddable":true,"href":"https:\/\/agora.xtec.cat\/ceip-jruyra-l-h\/wp-json\/wp\/v2\/users\/71"}],"replies":[{"embeddable":true,"href":"https:\/\/agora.xtec.cat\/ceip-jruyra-l-h\/wp-json\/wp\/v2\/comments?post=17064"}],"version-history":[{"count":2,"href":"https:\/\/agora.xtec.cat\/ceip-jruyra-l-h\/wp-json\/wp\/v2\/posts\/17064\/revisions"}],"predecessor-version":[{"id":17109,"href":"https:\/\/agora.xtec.cat\/ceip-jruyra-l-h\/wp-json\/wp\/v2\/posts\/17064\/revisions\/17109"}],"wp:featuredmedia":[{"embeddable":true,"href":"https:\/\/agora.xtec.cat\/ceip-jruyra-l-h\/wp-json\/wp\/v2\/media\/17070"}],"wp:attachment":[{"href":"https:\/\/agora.xtec.cat\/ceip-jruyra-l-h\/wp-json\/wp\/v2\/media?parent=17064"}],"wp:term":[{"taxonomy":"category","embeddable":true,"href":"https:\/\/agora.xtec.cat\/ceip-jruyra-l-h\/wp-json\/wp\/v2\/categories?post=17064"},{"taxonomy":"post_tag","embeddable":true,"href":"https:\/\/agora.xtec.cat\/ceip-jruyra-l-h\/wp-json\/wp\/v2\/tags?post=17064"}],"curies":[{"name":"wp","href":"https:\/\/api.w.org\/{rel}","templated":true}]}}