{"id":17057,"date":"2025-11-07T17:33:51","date_gmt":"2025-11-07T16:33:51","guid":{"rendered":"https:\/\/agora.xtec.cat\/ceip-jruyra-l-h\/?p=17057"},"modified":"2025-11-05T17:34:06","modified_gmt":"2025-11-05T16:34:06","slug":"un-internivell-amb-moltes-castanyes","status":"publish","type":"post","link":"https:\/\/agora.xtec.cat\/ceip-jruyra-l-h\/primaria\/1r\/un-internivell-amb-moltes-castanyes\/","title":{"rendered":"Un internivell amb moltes castanyes!!"},"content":{"rendered":"<p>El passat 31 d&#8217;octubre vam celebrar la Castanyada a l&#8217;escola. L\u2019alumnat de Cicle Inicial vam passar-ho d\u2019all\u00f2 m\u00e9s b\u00e9 participant en un munt d\u2019activitats divertides que les nostres mestres ens van preparar per celebrar la festivitat de la tardor!<\/p>\n<p data-start=\"123\" data-end=\"271\">L\u2019escola es va convertir en <strong data-start=\"151\" data-end=\"177\">una gran pista de ball<\/strong>! \ud83d\udc83\ud83d\udd7a Amb un <strong data-start=\"191\" data-end=\"205\">Just Dance<\/strong> ben animat, vam moure l\u2019esquelet seguint el ritme de la m\u00fasica.<img loading=\"lazy\" decoding=\"async\" class=\"wp-image-17059 aligncenter\" src=\"https:\/\/agora.xtec.cat\/ceip-jruyra-l-h\/wp-content\/uploads\/usu2049\/2025\/11\/Just-dance.png\" alt=\"\" width=\"317\" height=\"273\" srcset=\"https:\/\/agora.xtec.cat\/ceip-jruyra-l-h\/wp-content\/uploads\/usu2049\/2025\/11\/Just-dance.png 624w, https:\/\/agora.xtec.cat\/ceip-jruyra-l-h\/wp-content\/uploads\/usu2049\/2025\/11\/Just-dance-300x258.png 300w\" sizes=\"auto, (max-width: 317px) 100vw, 317px\" \/>Despr\u00e9s, vam posar a prova la nostra atenci\u00f3 amb un <strong data-start=\"325\" data-end=\"347\">bingo de la tardor<\/strong>, ple d\u2019<strong data-start=\"355\" data-end=\"385\">objectes i aliments t\u00edpics<\/strong> d\u2019aquesta \u00e8poca tan bonica \ud83c\udf42.<\/p>\n<p data-start=\"273\" data-end=\"418\"><img loading=\"lazy\" decoding=\"async\" class=\"wp-image-17058 aligncenter\" src=\"https:\/\/agora.xtec.cat\/ceip-jruyra-l-h\/wp-content\/uploads\/usu2049\/2025\/11\/Bingos.png\" alt=\"\" width=\"262\" height=\"332\" srcset=\"https:\/\/agora.xtec.cat\/ceip-jruyra-l-h\/wp-content\/uploads\/usu2049\/2025\/11\/Bingos.png 526w, https:\/\/agora.xtec.cat\/ceip-jruyra-l-h\/wp-content\/uploads\/usu2049\/2025\/11\/Bingos-237x300.png 237w\" sizes=\"auto, (max-width: 262px) 100vw, 262px\" \/><\/p>\n<p data-start=\"420\" data-end=\"615\">I, de sobte\u2026 sorpresa! \ud83d\ude2e Va apar\u00e8ixer <strong data-start=\"459\" data-end=\"489\">una castanyera ben cansada<\/strong> de fer sempre el mateix! Per\u00f2 atenci\u00f3: entre <strong data-start=\"535\" data-end=\"557\">contes i hist\u00f2ries<\/strong>, es va transformar en <strong data-start=\"580\" data-end=\"605\">una bruixa misteriosa<\/strong>! \ud83e\uddd9\u200d\u2640\ufe0f\u2728<\/p>\n<p data-start=\"420\" data-end=\"615\"><img loading=\"lazy\" decoding=\"async\" class=\"wp-image-17060 aligncenter\" src=\"https:\/\/agora.xtec.cat\/ceip-jruyra-l-h\/wp-content\/uploads\/usu2049\/2025\/11\/Bruixa.png\" alt=\"\" width=\"286\" height=\"315\" srcset=\"https:\/\/agora.xtec.cat\/ceip-jruyra-l-h\/wp-content\/uploads\/usu2049\/2025\/11\/Bruixa.png 627w, https:\/\/agora.xtec.cat\/ceip-jruyra-l-h\/wp-content\/uploads\/usu2049\/2025\/11\/Bruixa-272x300.png 272w\" sizes=\"auto, (max-width: 286px) 100vw, 286px\" \/><\/p>\n<p data-start=\"617\" data-end=\"823\">Per acabar, vam deixar volar la imaginaci\u00f3 i <strong data-start=\"662\" data-end=\"716\">vam crear el nostre propi titella de la castanyera<\/strong>, vestint-la amb tota mena de roba i colors. Quedaven tan divertits que semblava que prenguessin vida! \ud83c\udfad<\/p>\n<p data-start=\"617\" data-end=\"823\"><img loading=\"lazy\" decoding=\"async\" class=\"wp-image-17061 aligncenter\" src=\"https:\/\/agora.xtec.cat\/ceip-jruyra-l-h\/wp-content\/uploads\/usu2049\/2025\/11\/Titella.png\" alt=\"\" width=\"252\" height=\"264\" srcset=\"https:\/\/agora.xtec.cat\/ceip-jruyra-l-h\/wp-content\/uploads\/usu2049\/2025\/11\/Titella.png 445w, https:\/\/agora.xtec.cat\/ceip-jruyra-l-h\/wp-content\/uploads\/usu2049\/2025\/11\/Titella-286x300.png 286w\" sizes=\"auto, (max-width: 252px) 100vw, 252px\" \/><\/p>\n<p data-start=\"617\" data-end=\"823\">Podeu gaudir de les nostres emocions a trav\u00e9s de les fotografies de les activitats: <a href=\"https:\/\/drive.google.com\/drive\/folders\/1-6SaLjbTKYm5jR7ZhrhOp6N80DYCmAWW?usp=drive_link\">https:\/\/drive.google.com\/drive\/folders\/1-6SaLjbTKYm5jR7ZhrhOp6N80DYCmAWW?usp=drive_link<\/a> i de la festa de la tarda:\u00a0<a href=\"https:\/\/drive.google.com\/drive\/folders\/1-7w750_KJ2ectpoGP26BcKABdkN56f_9?usp=drive_link\">https:\/\/drive.google.com\/drive\/folders\/1-7w750_KJ2ectpoGP26BcKABdkN56f_9?usp=drive_link<\/a>.<\/p>\n","protected":false},"excerpt":{"rendered":"<p>El passat 31 d&#8217;octubre vam celebrar la Castanyada a l&#8217;escola. L\u2019alumnat de Cicle Inicial vam passar-ho d\u2019all\u00f2 m\u00e9s b\u00e9 participant en un munt d\u2019activitats divertides que les nostres mestres ens van preparar per celebrar la festivitat de la tardor!<br \/>\nL\u2019escola es va convertir en una gran&hellip;  <a href=\"https:\/\/agora.xtec.cat\/ceip-jruyra-l-h\/primaria\/1r\/un-internivell-amb-moltes-castanyes\/\" title=\"Read Un internivell amb moltes castanyes!!\">Llegeix m\u00e9s\u00bb<\/a><\/p>\n","protected":false},"author":71,"featured_media":17062,"comment_status":"open","ping_status":"open","sticky":false,"template":"","format":"standard","meta":{"_bbp_topic_count":0,"_bbp_reply_count":0,"_bbp_total_topic_count":0,"_bbp_total_reply_count":0,"_bbp_voice_count":0,"_bbp_anonymous_reply_count":0,"_bbp_topic_count_hidden":0,"_bbp_reply_count_hidden":0,"_bbp_forum_subforum_count":0,"footnotes":""},"categories":[10,11],"tags":[],"class_list":["post-17057","post","type-post","status-publish","format-standard","has-post-thumbnail","hentry","category-1r","category-2n"],"post_mailing_queue_ids":[],"_links":{"self":[{"href":"https:\/\/agora.xtec.cat\/ceip-jruyra-l-h\/wp-json\/wp\/v2\/posts\/17057","targetHints":{"allow":["GET"]}}],"collection":[{"href":"https:\/\/agora.xtec.cat\/ceip-jruyra-l-h\/wp-json\/wp\/v2\/posts"}],"about":[{"href":"https:\/\/agora.xtec.cat\/ceip-jruyra-l-h\/wp-json\/wp\/v2\/types\/post"}],"author":[{"embeddable":true,"href":"https:\/\/agora.xtec.cat\/ceip-jruyra-l-h\/wp-json\/wp\/v2\/users\/71"}],"replies":[{"embeddable":true,"href":"https:\/\/agora.xtec.cat\/ceip-jruyra-l-h\/wp-json\/wp\/v2\/comments?post=17057"}],"version-history":[{"count":1,"href":"https:\/\/agora.xtec.cat\/ceip-jruyra-l-h\/wp-json\/wp\/v2\/posts\/17057\/revisions"}],"predecessor-version":[{"id":17063,"href":"https:\/\/agora.xtec.cat\/ceip-jruyra-l-h\/wp-json\/wp\/v2\/posts\/17057\/revisions\/17063"}],"wp:featuredmedia":[{"embeddable":true,"href":"https:\/\/agora.xtec.cat\/ceip-jruyra-l-h\/wp-json\/wp\/v2\/media\/17062"}],"wp:attachment":[{"href":"https:\/\/agora.xtec.cat\/ceip-jruyra-l-h\/wp-json\/wp\/v2\/media?parent=17057"}],"wp:term":[{"taxonomy":"category","embeddable":true,"href":"https:\/\/agora.xtec.cat\/ceip-jruyra-l-h\/wp-json\/wp\/v2\/categories?post=17057"},{"taxonomy":"post_tag","embeddable":true,"href":"https:\/\/agora.xtec.cat\/ceip-jruyra-l-h\/wp-json\/wp\/v2\/tags?post=17057"}],"curies":[{"name":"wp","href":"https:\/\/api.w.org\/{rel}","templated":true}]}}