{"id":17048,"date":"2025-11-04T18:26:03","date_gmt":"2025-11-04T17:26:03","guid":{"rendered":"https:\/\/agora.xtec.cat\/ceip-jruyra-l-h\/?p=17048"},"modified":"2025-11-04T18:26:03","modified_gmt":"2025-11-04T17:26:03","slug":"setmana-de-la-solidaritat-hi-som-a-temps-emergencia-climatica","status":"publish","type":"post","link":"https:\/\/agora.xtec.cat\/ceip-jruyra-l-h\/infantil\/setmana-de-la-solidaritat-hi-som-a-temps-emergencia-climatica\/","title":{"rendered":"Setmana de la Solidaritat: Hi som a temps? Emerg\u00e8ncia Clim\u00e0tica"},"content":{"rendered":"<p><img loading=\"lazy\" decoding=\"async\" class=\"alignnone size-full wp-image-17050\" src=\"https:\/\/agora.xtec.cat\/ceip-jruyra-l-h\/wp-content\/uploads\/usu2049\/2025\/11\/unnamed.jpg\" alt=\"\" width=\"512\" height=\"98\" srcset=\"https:\/\/agora.xtec.cat\/ceip-jruyra-l-h\/wp-content\/uploads\/usu2049\/2025\/11\/unnamed.jpg 512w, https:\/\/agora.xtec.cat\/ceip-jruyra-l-h\/wp-content\/uploads\/usu2049\/2025\/11\/unnamed-300x57.jpg 300w\" sizes=\"auto, (max-width: 512px) 100vw, 512px\" \/><\/p>\n<p>L\u2019any passat va ser el de la DANA, aquest estiu, calor extrema i r\u00e8cord de dies continuats de temperatures elevad\u00edssimes, amb incendis dels anomenats \u201cde sisena generaci\u00f3\u201d, un mar Mediterrani reescalfat i ara, amb l\u2019arribada de la tardor, les pluges preocupen els cient\u00edfics.Costa creure que, amb tanta evidencia, hi hagi qui nega l\u2019emerg\u00e8ncia clim\u00e0tica.<\/p>\n<p>Voldr\u00edem que, durant aquesta Setmana de la Solidaritat, s\u2019enraoni, es reflexioni i es facin activitats i propostes. Tenim el ple convenciment que calen moltes mesures per intentar evitar all\u00f2 que sembla inevitable. Mesures de les administracions i del m\u00f3n privat. Tothom t\u00e9 responsabilitats, per\u00f2 s\u00f3n aquells que tenen m\u00e9s poder qui ha de<br \/>\nfer m\u00e9s per afrontar aquesta emerg\u00e8ncia clim\u00e0tica.<\/p>\n<p>Comptem, un any m\u00e9s, amb la col\u00b7laboraci\u00f3 de diverses \u00e0rees i serveis municipals, tamb\u00e9 amb entitats de la nostra ciutat implicades en la cura del medi ambient i tamb\u00e9, amb esplais i centres educatius.<\/p>\n<p>Des de la Setmana de la Solidaritat 2025 volem pensar que la resposta a la nostra pregunta \u00e9s que s\u00ed, que hi som a temps, i farem tot el possible perqu\u00e8 aix\u00ed sigui.<\/p>\n<p>Espai de Ciutadania<\/p>\n<h6><strong><a href=\"https:\/\/agora.xtec.cat\/ceip-jruyra-l-h\/wp-content\/uploads\/usu2049\/2025\/11\/programa-setmana-solidaritat-def-.cleaned.pdf\">Podeu consultar el programa fent click aqu\u00ed<\/a><\/strong><\/h6>\n","protected":false},"excerpt":{"rendered":"<p>L\u2019any passat va ser el de la DANA, aquest estiu, calor extrema i r\u00e8cord de dies continuats de temperatures elevad\u00edssimes, amb incendis dels anomenats \u201cde sisena generaci\u00f3\u201d, un mar Mediterrani reescalfat i ara, amb l\u2019arribada de la tardor, les pluges preocupen els cient\u00edfics.Costa creure que,&hellip;  <a href=\"https:\/\/agora.xtec.cat\/ceip-jruyra-l-h\/infantil\/setmana-de-la-solidaritat-hi-som-a-temps-emergencia-climatica\/\" title=\"Read Setmana de la Solidaritat: Hi som a temps? Emerg\u00e8ncia Clim\u00e0tica\">Llegeix m\u00e9s\u00bb<\/a><\/p>\n","protected":false},"author":3,"featured_media":17049,"comment_status":"open","ping_status":"open","sticky":false,"template":"","format":"standard","meta":{"_bbp_topic_count":0,"_bbp_reply_count":0,"_bbp_total_topic_count":0,"_bbp_total_reply_count":0,"_bbp_voice_count":0,"_bbp_anonymous_reply_count":0,"_bbp_topic_count_hidden":0,"_bbp_reply_count_hidden":0,"_bbp_forum_subforum_count":0,"footnotes":""},"categories":[10,11,12,13,14,15,60,2,3,8,9,5,90],"tags":[],"class_list":["post-17048","post","type-post","status-publish","format-standard","has-post-thumbnail","hentry","category-1r","category-2n","category-3r","category-4t","category-5e","category-6e","category-cdaxarxa","category-infantil","category-i3","category-i4","category-i5","category-primaria","category-xesc"],"post_mailing_queue_ids":[],"_links":{"self":[{"href":"https:\/\/agora.xtec.cat\/ceip-jruyra-l-h\/wp-json\/wp\/v2\/posts\/17048","targetHints":{"allow":["GET"]}}],"collection":[{"href":"https:\/\/agora.xtec.cat\/ceip-jruyra-l-h\/wp-json\/wp\/v2\/posts"}],"about":[{"href":"https:\/\/agora.xtec.cat\/ceip-jruyra-l-h\/wp-json\/wp\/v2\/types\/post"}],"author":[{"embeddable":true,"href":"https:\/\/agora.xtec.cat\/ceip-jruyra-l-h\/wp-json\/wp\/v2\/users\/3"}],"replies":[{"embeddable":true,"href":"https:\/\/agora.xtec.cat\/ceip-jruyra-l-h\/wp-json\/wp\/v2\/comments?post=17048"}],"version-history":[{"count":1,"href":"https:\/\/agora.xtec.cat\/ceip-jruyra-l-h\/wp-json\/wp\/v2\/posts\/17048\/revisions"}],"predecessor-version":[{"id":17052,"href":"https:\/\/agora.xtec.cat\/ceip-jruyra-l-h\/wp-json\/wp\/v2\/posts\/17048\/revisions\/17052"}],"wp:featuredmedia":[{"embeddable":true,"href":"https:\/\/agora.xtec.cat\/ceip-jruyra-l-h\/wp-json\/wp\/v2\/media\/17049"}],"wp:attachment":[{"href":"https:\/\/agora.xtec.cat\/ceip-jruyra-l-h\/wp-json\/wp\/v2\/media?parent=17048"}],"wp:term":[{"taxonomy":"category","embeddable":true,"href":"https:\/\/agora.xtec.cat\/ceip-jruyra-l-h\/wp-json\/wp\/v2\/categories?post=17048"},{"taxonomy":"post_tag","embeddable":true,"href":"https:\/\/agora.xtec.cat\/ceip-jruyra-l-h\/wp-json\/wp\/v2\/tags?post=17048"}],"curies":[{"name":"wp","href":"https:\/\/api.w.org\/{rel}","templated":true}]}}