{"id":17013,"date":"2025-11-13T17:35:51","date_gmt":"2025-11-13T16:35:51","guid":{"rendered":"https:\/\/agora.xtec.cat\/ceip-jruyra-l-h\/?p=17013"},"modified":"2025-11-10T15:58:26","modified_gmt":"2025-11-10T14:58:26","slug":"sortida-a-la-biblioteca-tecla-sala","status":"publish","type":"post","link":"https:\/\/agora.xtec.cat\/ceip-jruyra-l-h\/infantil\/sortida-a-la-biblioteca-tecla-sala\/","title":{"rendered":"SORTIDA A LA BIBLIOTECA TECLA SALA"},"content":{"rendered":"<p>El passat dijous els nens i nenes de la classe de les Onades vam gaudir d&#8217;una experi\u00e8ncia a la biblioteca : un taller de lectura i emocions a partir del conte &#8220;Si plores com una font&#8221;.\u00a0 El conte ens ha acompanyat en un viatge ple de sensibilitat on hem descobert que plorar no \u00e9s dolent, sino una forma natural d&#8217;expressar el que sentim. A trav\u00e9s de la hist\u00f2ria els nens i nenes han\u00a0 reflexionat sobre la tristesa, la por, l&#8217;empatia&#8230; i la import\u00e0ncia d&#8217;escoltar i acompanyar les pr\u00f2pies emocions i les dels dem\u00e9s. Despr\u00e9s de la lectura vam particupar en un taller creatiu i vam poder expressar les nostres emocions a trav\u00e9s de colors i creacions art\u00edstiques variades elaborant entre tots un llibre ben especial que ens hem portat de record a la classe. Us deixo unes fotos al seg\u00fcent enlla\u00e7.<\/p>\n<p><a href=\"https:\/\/drive.google.com\/drive\/folders\/1lpnLu4DNn7nBVdq6jXwFSqes8bfzG-At\">https:\/\/drive.google.com\/drive\/folders\/1lpnLu4DNn7nBVdq6jXwFSqes8bfzG-At<\/a><\/p>\n","protected":false},"excerpt":{"rendered":"<p>El passat dijous els nens i nenes de la classe de les Onades vam gaudir d&#8217;una experi\u00e8ncia a la biblioteca : un taller de lectura i emocions a partir del conte &#8220;Si plores com una font&#8221;.\u00a0 El conte ens ha acompanyat en un viatge ple&hellip;  <a href=\"https:\/\/agora.xtec.cat\/ceip-jruyra-l-h\/infantil\/sortida-a-la-biblioteca-tecla-sala\/\" title=\"Read SORTIDA A LA BIBLIOTECA TECLA SALA\">Llegeix m\u00e9s\u00bb<\/a><\/p>\n","protected":false},"author":73,"featured_media":17015,"comment_status":"open","ping_status":"open","sticky":false,"template":"","format":"standard","meta":{"_bbp_topic_count":0,"_bbp_reply_count":0,"_bbp_total_topic_count":0,"_bbp_total_reply_count":0,"_bbp_voice_count":0,"_bbp_anonymous_reply_count":0,"_bbp_topic_count_hidden":0,"_bbp_reply_count_hidden":0,"_bbp_forum_subforum_count":0,"footnotes":""},"categories":[2,9],"tags":[],"class_list":["post-17013","post","type-post","status-publish","format-standard","has-post-thumbnail","hentry","category-infantil","category-i5"],"post_mailing_queue_ids":[],"_links":{"self":[{"href":"https:\/\/agora.xtec.cat\/ceip-jruyra-l-h\/wp-json\/wp\/v2\/posts\/17013","targetHints":{"allow":["GET"]}}],"collection":[{"href":"https:\/\/agora.xtec.cat\/ceip-jruyra-l-h\/wp-json\/wp\/v2\/posts"}],"about":[{"href":"https:\/\/agora.xtec.cat\/ceip-jruyra-l-h\/wp-json\/wp\/v2\/types\/post"}],"author":[{"embeddable":true,"href":"https:\/\/agora.xtec.cat\/ceip-jruyra-l-h\/wp-json\/wp\/v2\/users\/73"}],"replies":[{"embeddable":true,"href":"https:\/\/agora.xtec.cat\/ceip-jruyra-l-h\/wp-json\/wp\/v2\/comments?post=17013"}],"version-history":[{"count":1,"href":"https:\/\/agora.xtec.cat\/ceip-jruyra-l-h\/wp-json\/wp\/v2\/posts\/17013\/revisions"}],"predecessor-version":[{"id":17018,"href":"https:\/\/agora.xtec.cat\/ceip-jruyra-l-h\/wp-json\/wp\/v2\/posts\/17013\/revisions\/17018"}],"wp:featuredmedia":[{"embeddable":true,"href":"https:\/\/agora.xtec.cat\/ceip-jruyra-l-h\/wp-json\/wp\/v2\/media\/17015"}],"wp:attachment":[{"href":"https:\/\/agora.xtec.cat\/ceip-jruyra-l-h\/wp-json\/wp\/v2\/media?parent=17013"}],"wp:term":[{"taxonomy":"category","embeddable":true,"href":"https:\/\/agora.xtec.cat\/ceip-jruyra-l-h\/wp-json\/wp\/v2\/categories?post=17013"},{"taxonomy":"post_tag","embeddable":true,"href":"https:\/\/agora.xtec.cat\/ceip-jruyra-l-h\/wp-json\/wp\/v2\/tags?post=17013"}],"curies":[{"name":"wp","href":"https:\/\/api.w.org\/{rel}","templated":true}]}}