{"id":17001,"date":"2025-10-29T15:28:31","date_gmt":"2025-10-29T14:28:31","guid":{"rendered":"https:\/\/agora.xtec.cat\/ceip-jruyra-l-h\/?p=17001"},"modified":"2025-10-28T15:28:48","modified_gmt":"2025-10-28T14:28:48","slug":"sortida-tecla-sala-2n","status":"publish","type":"post","link":"https:\/\/agora.xtec.cat\/ceip-jruyra-l-h\/primaria\/sortida-tecla-sala-2n\/","title":{"rendered":"Sortida Tecla Sala 2n"},"content":{"rendered":"<p data-start=\"142\" data-end=\"221\">L\u2019alumnat de 2n vam fer una sortida molt especial a la Biblioteca Tecla Sala.<\/p>\n<p data-start=\"223\" data-end=\"411\">All\u00e0 ens van explicar que a la biblioteca podem trobar llibres, c\u00f2mics, jocs i pel\u00b7l\u00edcules. Tamb\u00e9 vam descobrir que ens podem fer el carnet de lector i agafar tot aix\u00f2 de forma gratu\u00efta!<\/p>\n<p data-start=\"413\" data-end=\"488\">A m\u00e9s, vam poder llegir alguns llibres de la biblioteca. Ens va encantar!<\/p>\n<p data-start=\"490\" data-end=\"539\">Aqu\u00ed us deixem algunes <a href=\"https:\/\/drive.google.com\/drive\/folders\/1ApHq8nxatQLTbPVUkL7jSB4oE7k8TRt-\">fotografies<\/a> de la sortida.<\/p>\n<p><img decoding=\"async\" class=\"alignnone size-full wp-image-17002\" src=\"https:\/\/agora.xtec.cat\/ceip-jruyra-l-h\/wp-content\/uploads\/usu2049\/2025\/10\/IMG_7696.heic\" alt=\"\" \/><img decoding=\"async\" class=\"alignnone size-full wp-image-17003\" src=\"https:\/\/agora.xtec.cat\/ceip-jruyra-l-h\/wp-content\/uploads\/usu2049\/2025\/10\/IMG_7696-1.heic\" alt=\"\" \/><a href=\"https:\/\/drive.google.com\/drive\/folders\/1ApHq8nxatQLTbPVUkL7jSB4oE7k8TRt-\"><img loading=\"lazy\" decoding=\"async\" class=\" wp-image-17004 aligncenter\" src=\"https:\/\/agora.xtec.cat\/ceip-jruyra-l-h\/wp-content\/uploads\/usu2049\/2025\/10\/IMG_7697-1-576x768.jpg\" alt=\"\" width=\"295\" height=\"394\" srcset=\"https:\/\/agora.xtec.cat\/ceip-jruyra-l-h\/wp-content\/uploads\/usu2049\/2025\/10\/IMG_7697-1-576x768.jpg 576w, https:\/\/agora.xtec.cat\/ceip-jruyra-l-h\/wp-content\/uploads\/usu2049\/2025\/10\/IMG_7697-1-225x300.jpg 225w, https:\/\/agora.xtec.cat\/ceip-jruyra-l-h\/wp-content\/uploads\/usu2049\/2025\/10\/IMG_7697-1-768x1024.jpg 768w, https:\/\/agora.xtec.cat\/ceip-jruyra-l-h\/wp-content\/uploads\/usu2049\/2025\/10\/IMG_7697-1-1152x1536.jpg 1152w, https:\/\/agora.xtec.cat\/ceip-jruyra-l-h\/wp-content\/uploads\/usu2049\/2025\/10\/IMG_7697-1-1536x2048.jpg 1536w, https:\/\/agora.xtec.cat\/ceip-jruyra-l-h\/wp-content\/uploads\/usu2049\/2025\/10\/IMG_7697-1-scaled.jpg 1920w\" sizes=\"auto, (max-width: 295px) 100vw, 295px\" \/><\/a><\/p>\n","protected":false},"excerpt":{"rendered":"<p>L\u2019alumnat de 2n vam fer una sortida molt especial a la Biblioteca Tecla Sala.<br \/>\nAll\u00e0 ens van explicar que a la biblioteca podem trobar llibres, c\u00f2mics, jocs i pel\u00b7l\u00edcules. Tamb\u00e9 vam descobrir que ens podem fer el carnet de lector i agafar tot aix\u00f2 de forma&hellip;  <a href=\"https:\/\/agora.xtec.cat\/ceip-jruyra-l-h\/primaria\/sortida-tecla-sala-2n\/\" title=\"Read Sortida Tecla Sala 2n\">Llegeix m\u00e9s\u00bb<\/a><\/p>\n","protected":false},"author":72,"featured_media":17004,"comment_status":"open","ping_status":"open","sticky":false,"template":"","format":"standard","meta":{"_bbp_topic_count":0,"_bbp_reply_count":0,"_bbp_total_topic_count":0,"_bbp_total_reply_count":0,"_bbp_voice_count":0,"_bbp_anonymous_reply_count":0,"_bbp_topic_count_hidden":0,"_bbp_reply_count_hidden":0,"_bbp_forum_subforum_count":0,"footnotes":""},"categories":[11,5],"tags":[],"class_list":["post-17001","post","type-post","status-publish","format-standard","has-post-thumbnail","hentry","category-2n","category-primaria"],"post_mailing_queue_ids":[],"_links":{"self":[{"href":"https:\/\/agora.xtec.cat\/ceip-jruyra-l-h\/wp-json\/wp\/v2\/posts\/17001","targetHints":{"allow":["GET"]}}],"collection":[{"href":"https:\/\/agora.xtec.cat\/ceip-jruyra-l-h\/wp-json\/wp\/v2\/posts"}],"about":[{"href":"https:\/\/agora.xtec.cat\/ceip-jruyra-l-h\/wp-json\/wp\/v2\/types\/post"}],"author":[{"embeddable":true,"href":"https:\/\/agora.xtec.cat\/ceip-jruyra-l-h\/wp-json\/wp\/v2\/users\/72"}],"replies":[{"embeddable":true,"href":"https:\/\/agora.xtec.cat\/ceip-jruyra-l-h\/wp-json\/wp\/v2\/comments?post=17001"}],"version-history":[{"count":3,"href":"https:\/\/agora.xtec.cat\/ceip-jruyra-l-h\/wp-json\/wp\/v2\/posts\/17001\/revisions"}],"predecessor-version":[{"id":17007,"href":"https:\/\/agora.xtec.cat\/ceip-jruyra-l-h\/wp-json\/wp\/v2\/posts\/17001\/revisions\/17007"}],"wp:featuredmedia":[{"embeddable":true,"href":"https:\/\/agora.xtec.cat\/ceip-jruyra-l-h\/wp-json\/wp\/v2\/media\/17004"}],"wp:attachment":[{"href":"https:\/\/agora.xtec.cat\/ceip-jruyra-l-h\/wp-json\/wp\/v2\/media?parent=17001"}],"wp:term":[{"taxonomy":"category","embeddable":true,"href":"https:\/\/agora.xtec.cat\/ceip-jruyra-l-h\/wp-json\/wp\/v2\/categories?post=17001"},{"taxonomy":"post_tag","embeddable":true,"href":"https:\/\/agora.xtec.cat\/ceip-jruyra-l-h\/wp-json\/wp\/v2\/tags?post=17001"}],"curies":[{"name":"wp","href":"https:\/\/api.w.org\/{rel}","templated":true}]}}