{"id":16981,"date":"2025-10-23T07:48:01","date_gmt":"2025-10-23T05:48:01","guid":{"rendered":"https:\/\/agora.xtec.cat\/ceip-jruyra-l-h\/?p=16981"},"modified":"2025-10-23T07:48:01","modified_gmt":"2025-10-23T05:48:01","slug":"els-cientifics-i-les-cientifiques-de-2n","status":"publish","type":"post","link":"https:\/\/agora.xtec.cat\/ceip-jruyra-l-h\/primaria\/2n\/els-cientifics-i-les-cientifiques-de-2n\/","title":{"rendered":"Els cient\u00edfics i les cient\u00edfiques de 2n!!"},"content":{"rendered":"<p><em>Com es poden observar els \u00e9ssers vius m\u00e9s petits?<\/em><\/p>\n<p>L&#8217;alumnat de segon t\u00e9 la resposta, &#8211; a trav\u00e9s dels <strong>microscopis<\/strong>.<\/p>\n<p>Aquest mes d&#8217;octubre ens hem convertit en petits cient\u00edfics i petites cient\u00edfiques, investigant els \u00e9ssers vius i \u00e9ssers inerts. A trav\u00e9s de llibres de coneixement i d&#8217;altres propostes en grups interactius, hem identificat algunes difer\u00e8ncies clares per con\u00e8ixer amb m\u00e9s profunditat el regne animal. Despr\u00e9s, ens hem atrevit a fer uns p\u00f2sters molt interessants per descobrir les diferents esp\u00e8cies, tant de vertebrats com d&#8217;invertebrats.<\/p>\n<p><img loading=\"lazy\" decoding=\"async\" class=\"wp-image-16982 aligncenter\" src=\"https:\/\/agora.xtec.cat\/ceip-jruyra-l-h\/wp-content\/uploads\/usu2049\/2025\/10\/Microscopis3.png\" alt=\"\" width=\"319\" height=\"342\" srcset=\"https:\/\/agora.xtec.cat\/ceip-jruyra-l-h\/wp-content\/uploads\/usu2049\/2025\/10\/Microscopis3.png 515w, https:\/\/agora.xtec.cat\/ceip-jruyra-l-h\/wp-content\/uploads\/usu2049\/2025\/10\/Microscopis3-280x300.png 280w\" sizes=\"auto, (max-width: 319px) 100vw, 319px\" \/><\/p>\n<p style=\"text-align: center;\"><em>Creaci\u00f3 dels nostres p\u00f2sters<\/em><\/p>\n<p style=\"text-align: left;\">Per continuar ampliant la nostra investigaci\u00f3, hem fet servir els microscopis per donar resposta a moltes preguntes sobre com identificar els \u00e9ssers vius m\u00e9s petits. L&#8217;experi\u00e8ncia ha estat molt interessant i emocionant. Primer, hem rebut unes nocions b\u00e0siques per entendre com funcionen, i despr\u00e9s hem preparat les diferents mostres d&#8217;\u00e9ssers vius i \u00e9ssers inerts. Hem pogut observar la pell de la ceba, fongs de floridura i microorganismes que es generen de l&#8217;aigua amb arr\u00f2s. Despr\u00e9s d&#8217;aquesta experi\u00e8ncia, ens hem sentit com aut\u00e8ntics cient\u00edfics i unes cient\u00edfiques.<\/p>\n<p><img loading=\"lazy\" decoding=\"async\" class=\"wp-image-16983 aligncenter\" src=\"https:\/\/agora.xtec.cat\/ceip-jruyra-l-h\/wp-content\/uploads\/usu2049\/2025\/10\/Microscopis-2-593x768.png\" alt=\"\" width=\"190\" height=\"246\" srcset=\"https:\/\/agora.xtec.cat\/ceip-jruyra-l-h\/wp-content\/uploads\/usu2049\/2025\/10\/Microscopis-2-593x768.png 593w, https:\/\/agora.xtec.cat\/ceip-jruyra-l-h\/wp-content\/uploads\/usu2049\/2025\/10\/Microscopis-2-232x300.png 232w, https:\/\/agora.xtec.cat\/ceip-jruyra-l-h\/wp-content\/uploads\/usu2049\/2025\/10\/Microscopis-2.png 673w\" sizes=\"auto, (max-width: 190px) 100vw, 190px\" \/><\/p>\n<p style=\"text-align: center;\"><em>Fent les observacions amb els microscopis<\/em><\/p>\n<p>Busqueu els petits cient\u00edfics i les petites cient\u00edfiques en aquest enlla\u00e7 on trobareu fotos d&#8217;aquest experiment:\u00a0<a href=\"https:\/\/drive.google.com\/drive\/folders\/1lkdU0v7I6NHOVAKfr-kuBZ5nGd6YBqbO?usp=drive_link\">https:\/\/drive.google.com\/drive\/folders\/1lkdU0v7I6NHOVAKfr-kuBZ5nGd6YBqbO?usp=drive_link<\/a><\/p>\n","protected":false},"excerpt":{"rendered":"<p>Com es poden observar els \u00e9ssers vius m\u00e9s petits?<br \/>\nL&#8217;alumnat de segon t\u00e9 la resposta, &#8211; a trav\u00e9s dels microscopis.<br \/>\nAquest mes d&#8217;octubre ens hem convertit en petits cient\u00edfics i petites cient\u00edfiques, investigant els \u00e9ssers vius i \u00e9ssers inerts. A trav\u00e9s de llibres de coneixement i d&#8217;altres&hellip;  <a href=\"https:\/\/agora.xtec.cat\/ceip-jruyra-l-h\/primaria\/2n\/els-cientifics-i-les-cientifiques-de-2n\/\" title=\"Read Els cient\u00edfics i les cient\u00edfiques de 2n!!\">Llegeix m\u00e9s\u00bb<\/a><\/p>\n","protected":false},"author":71,"featured_media":16984,"comment_status":"open","ping_status":"open","sticky":false,"template":"","format":"standard","meta":{"_bbp_topic_count":0,"_bbp_reply_count":0,"_bbp_total_topic_count":0,"_bbp_total_reply_count":0,"_bbp_voice_count":0,"_bbp_anonymous_reply_count":0,"_bbp_topic_count_hidden":0,"_bbp_reply_count_hidden":0,"_bbp_forum_subforum_count":0,"footnotes":""},"categories":[11,60],"tags":[71,83,64],"class_list":["post-16981","post","type-post","status-publish","format-standard","has-post-thumbnail","hentry","category-2n","category-cdaxarxa","tag-actuacions-educatives-dexit","tag-comunitats-daprenentatge","tag-grups-interactius"],"post_mailing_queue_ids":[],"_links":{"self":[{"href":"https:\/\/agora.xtec.cat\/ceip-jruyra-l-h\/wp-json\/wp\/v2\/posts\/16981","targetHints":{"allow":["GET"]}}],"collection":[{"href":"https:\/\/agora.xtec.cat\/ceip-jruyra-l-h\/wp-json\/wp\/v2\/posts"}],"about":[{"href":"https:\/\/agora.xtec.cat\/ceip-jruyra-l-h\/wp-json\/wp\/v2\/types\/post"}],"author":[{"embeddable":true,"href":"https:\/\/agora.xtec.cat\/ceip-jruyra-l-h\/wp-json\/wp\/v2\/users\/71"}],"replies":[{"embeddable":true,"href":"https:\/\/agora.xtec.cat\/ceip-jruyra-l-h\/wp-json\/wp\/v2\/comments?post=16981"}],"version-history":[{"count":2,"href":"https:\/\/agora.xtec.cat\/ceip-jruyra-l-h\/wp-json\/wp\/v2\/posts\/16981\/revisions"}],"predecessor-version":[{"id":16990,"href":"https:\/\/agora.xtec.cat\/ceip-jruyra-l-h\/wp-json\/wp\/v2\/posts\/16981\/revisions\/16990"}],"wp:featuredmedia":[{"embeddable":true,"href":"https:\/\/agora.xtec.cat\/ceip-jruyra-l-h\/wp-json\/wp\/v2\/media\/16984"}],"wp:attachment":[{"href":"https:\/\/agora.xtec.cat\/ceip-jruyra-l-h\/wp-json\/wp\/v2\/media?parent=16981"}],"wp:term":[{"taxonomy":"category","embeddable":true,"href":"https:\/\/agora.xtec.cat\/ceip-jruyra-l-h\/wp-json\/wp\/v2\/categories?post=16981"},{"taxonomy":"post_tag","embeddable":true,"href":"https:\/\/agora.xtec.cat\/ceip-jruyra-l-h\/wp-json\/wp\/v2\/tags?post=16981"}],"curies":[{"name":"wp","href":"https:\/\/api.w.org\/{rel}","templated":true}]}}