{"id":16973,"date":"2025-10-13T06:50:35","date_gmt":"2025-10-13T04:50:35","guid":{"rendered":"https:\/\/agora.xtec.cat\/ceip-jruyra-l-h\/?p=16973"},"modified":"2025-10-13T06:50:35","modified_gmt":"2025-10-13T04:50:35","slug":"i5b-els-dracs-els-aniversaris-de-setembre","status":"publish","type":"post","link":"https:\/\/agora.xtec.cat\/ceip-jruyra-l-h\/infantil\/i5\/i5b-els-dracs-els-aniversaris-de-setembre\/","title":{"rendered":"I5B: Els Dracs- Els aniversaris de setembre"},"content":{"rendered":"<p style=\"background: white; margin: 0cm 0cm 15.0pt 0cm;\"><span style=\"font-family: 'Arial',sans-serif; color: #444444;\">Hola fam\u00edlies!<\/span><\/p>\n<p style=\"background: white; text-align: start; margin: 0cm 0cm 15.0pt 0cm;\"><span style=\"font-family: 'Arial',sans-serif; color: #444444;\">Ja hem deixat enrere el mes de setembre, per\u00f2 no ens podem acomiadar d\u2019aquest sense felicitar com cal al Mateo, que ja ha fet 5 anys. I no hi ha millor manera de celebrar-ho que fent una gran festa amb sucs, menjar, corona d\u2019aniversari, la companyia dels amics i les amigues, els somriures\u2026, i una gran festa!!!!<\/span><\/p>\n<p style=\"background: white; text-align: start; margin: 0cm 0cm 15.0pt 0cm;\"><span style=\"font-family: 'Arial',sans-serif; color: #444444;\">En el seg\u00fcent enlla\u00e7 podreu trobar les fotos i el v\u00eddeo que mostren com en pot arribar de ser de divertida les celebracions de la classe dels Dracs!!! Ens voleu acompanyar?<\/span><\/p>\n<p><a href=\"https:\/\/drive.google.com\/drive\/folders\/1R7JbX9mJWtmDR15nYa0MscL2_f1wlO1k?usp=sharing\">https:\/\/drive.google.com\/drive\/folders\/1R7JbX9mJWtmDR15nYa0MscL2_f1wlO1k?usp=sharing<\/a><\/p>\n","protected":false},"excerpt":{"rendered":"<p>Hola fam\u00edlies!<br \/>\nJa hem deixat enrere el mes de setembre, per\u00f2 no ens podem acomiadar d\u2019aquest sense felicitar com cal al Mateo, que ja ha fet 5 anys. I no hi ha millor manera de celebrar-ho que fent una gran festa amb sucs, menjar, corona d\u2019aniversari,&hellip;  <a href=\"https:\/\/agora.xtec.cat\/ceip-jruyra-l-h\/infantil\/i5\/i5b-els-dracs-els-aniversaris-de-setembre\/\" title=\"Read I5B: Els Dracs- Els aniversaris de setembre\">Llegeix m\u00e9s\u00bb<\/a><\/p>\n","protected":false},"author":19,"featured_media":16974,"comment_status":"open","ping_status":"open","sticky":false,"template":"","format":"standard","meta":{"_bbp_topic_count":0,"_bbp_reply_count":0,"_bbp_total_topic_count":0,"_bbp_total_reply_count":0,"_bbp_voice_count":0,"_bbp_anonymous_reply_count":0,"_bbp_topic_count_hidden":0,"_bbp_reply_count_hidden":0,"_bbp_forum_subforum_count":0,"footnotes":""},"categories":[9],"tags":[],"class_list":["post-16973","post","type-post","status-publish","format-standard","has-post-thumbnail","hentry","category-i5"],"post_mailing_queue_ids":[],"_links":{"self":[{"href":"https:\/\/agora.xtec.cat\/ceip-jruyra-l-h\/wp-json\/wp\/v2\/posts\/16973","targetHints":{"allow":["GET"]}}],"collection":[{"href":"https:\/\/agora.xtec.cat\/ceip-jruyra-l-h\/wp-json\/wp\/v2\/posts"}],"about":[{"href":"https:\/\/agora.xtec.cat\/ceip-jruyra-l-h\/wp-json\/wp\/v2\/types\/post"}],"author":[{"embeddable":true,"href":"https:\/\/agora.xtec.cat\/ceip-jruyra-l-h\/wp-json\/wp\/v2\/users\/19"}],"replies":[{"embeddable":true,"href":"https:\/\/agora.xtec.cat\/ceip-jruyra-l-h\/wp-json\/wp\/v2\/comments?post=16973"}],"version-history":[{"count":2,"href":"https:\/\/agora.xtec.cat\/ceip-jruyra-l-h\/wp-json\/wp\/v2\/posts\/16973\/revisions"}],"predecessor-version":[{"id":16976,"href":"https:\/\/agora.xtec.cat\/ceip-jruyra-l-h\/wp-json\/wp\/v2\/posts\/16973\/revisions\/16976"}],"wp:featuredmedia":[{"embeddable":true,"href":"https:\/\/agora.xtec.cat\/ceip-jruyra-l-h\/wp-json\/wp\/v2\/media\/16974"}],"wp:attachment":[{"href":"https:\/\/agora.xtec.cat\/ceip-jruyra-l-h\/wp-json\/wp\/v2\/media?parent=16973"}],"wp:term":[{"taxonomy":"category","embeddable":true,"href":"https:\/\/agora.xtec.cat\/ceip-jruyra-l-h\/wp-json\/wp\/v2\/categories?post=16973"},{"taxonomy":"post_tag","embeddable":true,"href":"https:\/\/agora.xtec.cat\/ceip-jruyra-l-h\/wp-json\/wp\/v2\/tags?post=16973"}],"curies":[{"name":"wp","href":"https:\/\/api.w.org\/{rel}","templated":true}]}}