{"id":16957,"date":"2025-10-06T09:53:14","date_gmt":"2025-10-06T07:53:14","guid":{"rendered":"https:\/\/agora.xtec.cat\/ceip-jruyra-l-h\/?p=16957"},"modified":"2025-10-10T11:47:45","modified_gmt":"2025-10-10T09:47:45","slug":"visitem-la-biblioteca-tecla-sala","status":"publish","type":"post","link":"https:\/\/agora.xtec.cat\/ceip-jruyra-l-h\/primaria\/6e\/visitem-la-biblioteca-tecla-sala\/","title":{"rendered":"Visitem la biblioteca Tecla Sala!"},"content":{"rendered":"<p>Els nens i nenes de 6\u00e8 visiten la Biblioteca Tecla Sala.<\/p>\n<p>Aquesta darrera setmana, l\u2019alumnat de 6\u00e8 ha fet una sortida a la Biblioteca Tecla Sala per participar en un taller molt interessant sobre el funcionament d\u2019una biblioteca.<\/p>\n<p>Durant l\u2019activitat, hem apr\u00e8s com cercar llibres al cat\u00e0leg i on trobar-los dins les prestatgeries. Ens han explicat el sistema de classificaci\u00f3 que utilitzen i de quina manera s\u2019ordenen els llibres segons el seu tema.<\/p>\n<p>Ha estat una experi\u00e8ncia molt enriquidora que ens ajudar\u00e0 a ser m\u00e9s aut\u00f2noms i a gaudir encara m\u00e9s de la lectura i dels recursos que ens ofereix la biblioteca.<\/p>\n<p>En el link podreu visualitzar les fotografies de l&#8217;activitat.<\/p>\n<p><a href=\"https:\/\/drive.google.com\/drive\/folders\/1otVsgwz6g129FjKJhUrhrv9IqbUnV5vx?usp=sharing\">6\u00e8A<\/a><\/p>\n<p><a href=\"https:\/\/drive.google.com\/drive\/folders\/1mOU7IznE8ShtzBUANRX-b0TFaLjCnvkv?usp=sharing\">6\u00e8B<\/a><\/p>\n","protected":false},"excerpt":{"rendered":"<p>Els nens i nenes de 6\u00e8 visiten la Biblioteca Tecla Sala.<br \/>\nAquesta darrera setmana, l\u2019alumnat de 6\u00e8 ha fet una sortida a la Biblioteca Tecla Sala per participar en un taller molt interessant sobre el funcionament d\u2019una biblioteca.<br \/>\nDurant l\u2019activitat, hem apr\u00e8s com cercar llibres al cat\u00e0leg&hellip;  <a href=\"https:\/\/agora.xtec.cat\/ceip-jruyra-l-h\/primaria\/6e\/visitem-la-biblioteca-tecla-sala\/\" title=\"Read Visitem la biblioteca Tecla Sala!\">Llegeix m\u00e9s\u00bb<\/a><\/p>\n","protected":false},"author":74,"featured_media":16960,"comment_status":"open","ping_status":"open","sticky":false,"template":"","format":"standard","meta":{"_bbp_topic_count":0,"_bbp_reply_count":0,"_bbp_total_topic_count":0,"_bbp_total_reply_count":0,"_bbp_voice_count":0,"_bbp_anonymous_reply_count":0,"_bbp_topic_count_hidden":0,"_bbp_reply_count_hidden":0,"_bbp_forum_subforum_count":0,"footnotes":""},"categories":[15],"tags":[],"class_list":["post-16957","post","type-post","status-publish","format-standard","has-post-thumbnail","hentry","category-6e"],"post_mailing_queue_ids":[],"_links":{"self":[{"href":"https:\/\/agora.xtec.cat\/ceip-jruyra-l-h\/wp-json\/wp\/v2\/posts\/16957","targetHints":{"allow":["GET"]}}],"collection":[{"href":"https:\/\/agora.xtec.cat\/ceip-jruyra-l-h\/wp-json\/wp\/v2\/posts"}],"about":[{"href":"https:\/\/agora.xtec.cat\/ceip-jruyra-l-h\/wp-json\/wp\/v2\/types\/post"}],"author":[{"embeddable":true,"href":"https:\/\/agora.xtec.cat\/ceip-jruyra-l-h\/wp-json\/wp\/v2\/users\/74"}],"replies":[{"embeddable":true,"href":"https:\/\/agora.xtec.cat\/ceip-jruyra-l-h\/wp-json\/wp\/v2\/comments?post=16957"}],"version-history":[{"count":2,"href":"https:\/\/agora.xtec.cat\/ceip-jruyra-l-h\/wp-json\/wp\/v2\/posts\/16957\/revisions"}],"predecessor-version":[{"id":16972,"href":"https:\/\/agora.xtec.cat\/ceip-jruyra-l-h\/wp-json\/wp\/v2\/posts\/16957\/revisions\/16972"}],"wp:featuredmedia":[{"embeddable":true,"href":"https:\/\/agora.xtec.cat\/ceip-jruyra-l-h\/wp-json\/wp\/v2\/media\/16960"}],"wp:attachment":[{"href":"https:\/\/agora.xtec.cat\/ceip-jruyra-l-h\/wp-json\/wp\/v2\/media?parent=16957"}],"wp:term":[{"taxonomy":"category","embeddable":true,"href":"https:\/\/agora.xtec.cat\/ceip-jruyra-l-h\/wp-json\/wp\/v2\/categories?post=16957"},{"taxonomy":"post_tag","embeddable":true,"href":"https:\/\/agora.xtec.cat\/ceip-jruyra-l-h\/wp-json\/wp\/v2\/tags?post=16957"}],"curies":[{"name":"wp","href":"https:\/\/api.w.org\/{rel}","templated":true}]}}