{"id":16919,"date":"2025-07-24T12:34:50","date_gmt":"2025-07-24T10:34:50","guid":{"rendered":"https:\/\/agora.xtec.cat\/ceip-jruyra-l-h\/?p=16919"},"modified":"2025-07-24T12:35:20","modified_gmt":"2025-07-24T10:35:20","slug":"calendari-curs-2025-26","status":"publish","type":"post","link":"https:\/\/agora.xtec.cat\/ceip-jruyra-l-h\/general\/calendari-curs-2025-26\/","title":{"rendered":"Calendari curs 2025-26"},"content":{"rendered":"<h4><strong>Inici i final de curs:<\/strong><\/h4>\n<p><strong>Les classes comencen el 8 de setembre de 2025 i acabaran el 19 de juny de 2026.<\/strong><\/p>\n<h4><strong>Vacances:<\/strong><\/h4>\n<p><strong>Del 20 de desembre al 7 de gener, ambd\u00f3s inclosos: vacances de Nadal.<br \/>\nDel 28 de mar\u00e7 al 6 d\u2019abril de 2026, ambd\u00f3s inclosos: vacances de Setmana Santa.<\/strong><\/p>\n<p><strong>19 de juny del 2026: acaben les classes a tots els centres.<\/strong><\/p>\n<h4><strong>Dies festius:<\/strong><\/h4>\n<p><strong>11\/09\/2025<\/strong><strong>\u00a0\u00a0\u00a0\u00a0\u00a0\u00a0\u00a0 <\/strong><strong>24\/09\/2025<\/strong><strong>\u00a0\u00a0\u00a0\u00a0\u00a0\u00a0\u00a0 <\/strong><strong>08\/12\/2025<\/strong><strong>\u00a0\u00a0\u00a0\u00a0\u00a0\u00a0\u00a0 <\/strong><strong>01\/05\/2026<\/strong><strong>\u00a0\u00a0\u00a0\u00a0\u00a0\u00a0\u00a0 <\/strong><strong>25\/05\/2026<\/strong><\/p>\n<h4><strong>Dies festius de lliure disposici\u00f3:<\/strong><\/h4>\n<p><strong>03\/11\/2025\u00a0\u00a0\u00a0\u00a0\u00a0 05\/12\/2025\u00a0\u00a0\u00a0\u00a0\u00a0 16\/02\/2026\u00a0\u00a0\u00a0\u00a0\u00a0 22\/05\/2026<\/strong><\/p>\n<h4><strong>Jornada intensiva:<\/strong><\/h4>\n<p><strong>19 de desembre de 2025<\/strong><\/p>\n<p><strong>A partir del dia 8 de juny de 2026<\/strong><\/p>\n<p style=\"text-align: justify;\">L\u2019<b>horari lectiu<\/b> del centre \u00e9s de 8:30 a 13 h i de 15.00 a 16.30 h pels alumnes d&#8217;Educaci\u00f3 Prim\u00e0ria i de 9.30 a 13 h i de 15.00 a 16.30 h pels alumnes d&#8217;Educaci\u00f3 Infantil.<\/p>\n<p style=\"text-align: justify;\">Per als alumnes que inicien l\u2019escolaritzaci\u00f3 a I3 s\u2019organitza un breu per\u00edode d\u2019adaptaci\u00f3 que suposa una certa modificaci\u00f3 dels horaris dels primers dies de classe, i que es fa saber a les fam\u00edlies en les reunions pr\u00e8vies corresponents.<\/p>\n<p>Podeu consultar el calendari fent <a href=\"https:\/\/agora.xtec.cat\/ceip-jruyra-l-h\/wp-content\/uploads\/usu2049\/2024\/09\/CALENDARI-24-25.jpg\">click aqu\u00ed<\/a><\/p>\n<p>&nbsp;<\/p>\n<p><img loading=\"lazy\" decoding=\"async\" class=\"alignnone size-large wp-image-16917\" src=\"https:\/\/agora.xtec.cat\/ceip-jruyra-l-h\/wp-content\/uploads\/usu2049\/2025\/07\/CALENDARI-543x768.png\" alt=\"\" width=\"543\" height=\"768\" srcset=\"https:\/\/agora.xtec.cat\/ceip-jruyra-l-h\/wp-content\/uploads\/usu2049\/2025\/07\/CALENDARI-543x768.png 543w, https:\/\/agora.xtec.cat\/ceip-jruyra-l-h\/wp-content\/uploads\/usu2049\/2025\/07\/CALENDARI-212x300.png 212w, https:\/\/agora.xtec.cat\/ceip-jruyra-l-h\/wp-content\/uploads\/usu2049\/2025\/07\/CALENDARI-768x1086.png 768w, https:\/\/agora.xtec.cat\/ceip-jruyra-l-h\/wp-content\/uploads\/usu2049\/2025\/07\/CALENDARI-1086x1536.png 1086w, https:\/\/agora.xtec.cat\/ceip-jruyra-l-h\/wp-content\/uploads\/usu2049\/2025\/07\/CALENDARI-1448x2048.png 1448w, https:\/\/agora.xtec.cat\/ceip-jruyra-l-h\/wp-content\/uploads\/usu2049\/2025\/07\/CALENDARI.png 1944w\" sizes=\"auto, (max-width: 543px) 100vw, 543px\" \/><\/p>\n","protected":false},"excerpt":{"rendered":"<p>Ja teniu disponible el calendari escolar del proper curs. &hellip;  <a href=\"https:\/\/agora.xtec.cat\/ceip-jruyra-l-h\/general\/calendari-curs-2025-26\/\" title=\"Read Calendari curs 2025-26\">Llegeix m\u00e9s\u00bb<\/a><\/p>\n","protected":false},"author":3,"featured_media":16917,"comment_status":"open","ping_status":"open","sticky":false,"template":"","format":"standard","meta":{"_bbp_topic_count":0,"_bbp_reply_count":0,"_bbp_total_topic_count":0,"_bbp_total_reply_count":0,"_bbp_voice_count":0,"_bbp_anonymous_reply_count":0,"_bbp_topic_count_hidden":0,"_bbp_reply_count_hidden":0,"_bbp_forum_subforum_count":0,"footnotes":""},"categories":[60,1],"tags":[],"class_list":["post-16919","post","type-post","status-publish","format-standard","has-post-thumbnail","hentry","category-cdaxarxa","category-general"],"post_mailing_queue_ids":[],"_links":{"self":[{"href":"https:\/\/agora.xtec.cat\/ceip-jruyra-l-h\/wp-json\/wp\/v2\/posts\/16919","targetHints":{"allow":["GET"]}}],"collection":[{"href":"https:\/\/agora.xtec.cat\/ceip-jruyra-l-h\/wp-json\/wp\/v2\/posts"}],"about":[{"href":"https:\/\/agora.xtec.cat\/ceip-jruyra-l-h\/wp-json\/wp\/v2\/types\/post"}],"author":[{"embeddable":true,"href":"https:\/\/agora.xtec.cat\/ceip-jruyra-l-h\/wp-json\/wp\/v2\/users\/3"}],"replies":[{"embeddable":true,"href":"https:\/\/agora.xtec.cat\/ceip-jruyra-l-h\/wp-json\/wp\/v2\/comments?post=16919"}],"version-history":[{"count":3,"href":"https:\/\/agora.xtec.cat\/ceip-jruyra-l-h\/wp-json\/wp\/v2\/posts\/16919\/revisions"}],"predecessor-version":[{"id":16922,"href":"https:\/\/agora.xtec.cat\/ceip-jruyra-l-h\/wp-json\/wp\/v2\/posts\/16919\/revisions\/16922"}],"wp:featuredmedia":[{"embeddable":true,"href":"https:\/\/agora.xtec.cat\/ceip-jruyra-l-h\/wp-json\/wp\/v2\/media\/16917"}],"wp:attachment":[{"href":"https:\/\/agora.xtec.cat\/ceip-jruyra-l-h\/wp-json\/wp\/v2\/media?parent=16919"}],"wp:term":[{"taxonomy":"category","embeddable":true,"href":"https:\/\/agora.xtec.cat\/ceip-jruyra-l-h\/wp-json\/wp\/v2\/categories?post=16919"},{"taxonomy":"post_tag","embeddable":true,"href":"https:\/\/agora.xtec.cat\/ceip-jruyra-l-h\/wp-json\/wp\/v2\/tags?post=16919"}],"curies":[{"name":"wp","href":"https:\/\/api.w.org\/{rel}","templated":true}]}}