{"id":16898,"date":"2025-06-20T07:05:51","date_gmt":"2025-06-20T05:05:51","guid":{"rendered":"https:\/\/agora.xtec.cat\/ceip-jruyra-l-h\/?p=16898"},"modified":"2025-07-11T07:54:47","modified_gmt":"2025-07-11T05:54:47","slug":"voluntaris-i-voluntaries-moltes-gracies","status":"publish","type":"post","link":"https:\/\/agora.xtec.cat\/ceip-jruyra-l-h\/general\/voluntaris-i-voluntaries-moltes-gracies\/","title":{"rendered":"Voluntaris i volunt\u00e0ries. Moltes gr\u00e0cies!"},"content":{"rendered":"<p>Estimades fam\u00edlies!<\/p>\n<p>Despr\u00e9s d\u2019un curs sencer compartint moments amb tots i totes vosaltres \u00e9s hora d\u2019agrair-vos la vostra col\u00b7laboraci\u00f3, el vostre esfor\u00e7 i la vostra dedicaci\u00f3 que fan que la nostra escola sigui la que somiem. Una escola de tots i totes.<\/p>\n<p>Moltes gr\u00e0cies!<\/p>\n<p><iframe loading=\"lazy\" src=\"\/\/www.youtube.com\/embed\/phjAcLV2EHQ\" width=\"560\" height=\"314\"><\/iframe><\/p>\n","protected":false},"excerpt":{"rendered":"<p>Estimades fam\u00edlies!<br \/>\nDespr\u00e9s d\u2019un curs sencer compartint moments amb tots i totes vosaltres \u00e9s hora d\u2019agrair-vos la vostra col\u00b7laboraci\u00f3, el vostre esfor\u00e7 i la vostra dedicaci\u00f3 que fan que la nostra escola sigui la que somiem. Una escola de tots i totes.<br \/>\nMoltes gr\u00e0cies!<\/p>\n","protected":false},"author":13,"featured_media":16900,"comment_status":"open","ping_status":"open","sticky":false,"template":"","format":"standard","meta":{"_bbp_topic_count":0,"_bbp_reply_count":0,"_bbp_total_topic_count":0,"_bbp_total_reply_count":0,"_bbp_voice_count":0,"_bbp_anonymous_reply_count":0,"_bbp_topic_count_hidden":0,"_bbp_reply_count_hidden":0,"_bbp_forum_subforum_count":0,"footnotes":""},"categories":[60,1,4],"tags":[71,83,67],"class_list":["post-16898","post","type-post","status-publish","format-standard","has-post-thumbnail","hentry","category-cdaxarxa","category-general","category-portada","tag-actuacions-educatives-dexit","tag-comunitats-daprenentatge","tag-participacio-educativa-de-la-comunitat"],"post_mailing_queue_ids":[],"_links":{"self":[{"href":"https:\/\/agora.xtec.cat\/ceip-jruyra-l-h\/wp-json\/wp\/v2\/posts\/16898","targetHints":{"allow":["GET"]}}],"collection":[{"href":"https:\/\/agora.xtec.cat\/ceip-jruyra-l-h\/wp-json\/wp\/v2\/posts"}],"about":[{"href":"https:\/\/agora.xtec.cat\/ceip-jruyra-l-h\/wp-json\/wp\/v2\/types\/post"}],"author":[{"embeddable":true,"href":"https:\/\/agora.xtec.cat\/ceip-jruyra-l-h\/wp-json\/wp\/v2\/users\/13"}],"replies":[{"embeddable":true,"href":"https:\/\/agora.xtec.cat\/ceip-jruyra-l-h\/wp-json\/wp\/v2\/comments?post=16898"}],"version-history":[{"count":2,"href":"https:\/\/agora.xtec.cat\/ceip-jruyra-l-h\/wp-json\/wp\/v2\/posts\/16898\/revisions"}],"predecessor-version":[{"id":16901,"href":"https:\/\/agora.xtec.cat\/ceip-jruyra-l-h\/wp-json\/wp\/v2\/posts\/16898\/revisions\/16901"}],"wp:featuredmedia":[{"embeddable":true,"href":"https:\/\/agora.xtec.cat\/ceip-jruyra-l-h\/wp-json\/wp\/v2\/media\/16900"}],"wp:attachment":[{"href":"https:\/\/agora.xtec.cat\/ceip-jruyra-l-h\/wp-json\/wp\/v2\/media?parent=16898"}],"wp:term":[{"taxonomy":"category","embeddable":true,"href":"https:\/\/agora.xtec.cat\/ceip-jruyra-l-h\/wp-json\/wp\/v2\/categories?post=16898"},{"taxonomy":"post_tag","embeddable":true,"href":"https:\/\/agora.xtec.cat\/ceip-jruyra-l-h\/wp-json\/wp\/v2\/tags?post=16898"}],"curies":[{"name":"wp","href":"https:\/\/api.w.org\/{rel}","templated":true}]}}