{"id":16895,"date":"2025-06-19T09:33:11","date_gmt":"2025-06-19T07:33:11","guid":{"rendered":"https:\/\/agora.xtec.cat\/ceip-jruyra-l-h\/?p=16895"},"modified":"2025-06-18T09:34:20","modified_gmt":"2025-06-18T07:34:20","slug":"tertulia-artistica-el-pelele-de-goya","status":"publish","type":"post","link":"https:\/\/agora.xtec.cat\/ceip-jruyra-l-h\/infantil\/tertulia-artistica-el-pelele-de-goya\/","title":{"rendered":"Tert\u00falia art\u00edstica &#8220;El pelele&#8221; de Goya"},"content":{"rendered":"<div dir=\"auto\">A educaci\u00f3 infantil hem viscut una experi\u00e8ncia art\u00edstica molt especial a partir de l\u2019obra El Pelele, del pintor Francisco de Goya. Aquesta activitat ens ha perm\u00e8s acostar-nos a l\u2019art d\u2019una manera vivencial, expressiva i molt l\u00fadica.<\/div>\n<div dir=\"auto\"><\/div>\n<div dir=\"auto\">Vam comen\u00e7ar observant detingudament el quadre, fixant-nos en els detalls, els personatges, els colors i els gestos. Entre tots vam parlar de qu\u00e8 veiem, qu\u00e8 creiem que passa a l\u2019escena i com ens fa sentir. Van sorgir idees molt interessants i diverses, que ens van ajudar a comprendre millor l\u2019obra i a connectar-hi emocionalment.<\/div>\n<div dir=\"auto\"><\/div>\n<div dir=\"auto\">A partir d\u2019aquesta observaci\u00f3 i reflexi\u00f3, vam passar a l\u2019acci\u00f3! Vam fer una representaci\u00f3 pl\u00e0stica i corporal inspirada en l\u2019escena del quadre. Amb una tela gran, similar a un paracaigudes, vam jugar a fer \u201cvolar\u201d un ninot, tal com fan els personatges de l\u2019obra amb el pelele. Les rialles, la sorpresa i la creativitat van estar molt presents en tot moment.<\/div>\n<div dir=\"auto\"><\/div>\n<div dir=\"auto\">L\u2019activitat ens ha perm\u00e8s treballar l\u2019expressi\u00f3 art\u00edstica, el di\u00e0leg, la imaginaci\u00f3 i el joc compartit. I, sobretot, ens ha acostat al m\u00f3n de l\u2019art d\u2019una manera significativa i divertida.<\/div>\n<div dir=\"auto\"><\/div>\n<div dir=\"auto\">Aqu\u00ed en teniu algunes <a href=\"https:\/\/drive.google.com\/drive\/folders\/1puKWSho7nfyqXD07rvSdfKW8vh74sQPs\">imatges<\/a> perqu\u00e8 en pugueu gaudir tant com nosaltres!<\/div>\n","protected":false},"excerpt":{"rendered":"<p>A educaci\u00f3 infantil hem viscut una experi\u00e8ncia art\u00edstica molt especial a partir de l\u2019obra El Pelele, del pintor Francisco de Goya. Aquesta activitat ens ha perm\u00e8s acostar-nos a l\u2019art d\u2019una manera vivencial, expressiva i molt l\u00fadica.<\/p>\n<p>Vam comen\u00e7ar observant detingudament el quadre, fixant-nos en els detalls,&hellip;  <a href=\"https:\/\/agora.xtec.cat\/ceip-jruyra-l-h\/infantil\/tertulia-artistica-el-pelele-de-goya\/\" title=\"Read Tert\u00falia art\u00edstica &#8220;El pelele&#8221; de Goya\">Llegeix m\u00e9s\u00bb<\/a><\/p>\n","protected":false},"author":63,"featured_media":16896,"comment_status":"open","ping_status":"open","sticky":false,"template":"","format":"standard","meta":{"_bbp_topic_count":0,"_bbp_reply_count":0,"_bbp_total_topic_count":0,"_bbp_total_reply_count":0,"_bbp_voice_count":0,"_bbp_anonymous_reply_count":0,"_bbp_topic_count_hidden":0,"_bbp_reply_count_hidden":0,"_bbp_forum_subforum_count":0,"footnotes":""},"categories":[60,2],"tags":[71,83,63],"class_list":["post-16895","post","type-post","status-publish","format-standard","has-post-thumbnail","hentry","category-cdaxarxa","category-infantil","tag-actuacions-educatives-dexit","tag-comunitats-daprenentatge","tag-tertulies-dialogiques"],"post_mailing_queue_ids":[],"_links":{"self":[{"href":"https:\/\/agora.xtec.cat\/ceip-jruyra-l-h\/wp-json\/wp\/v2\/posts\/16895","targetHints":{"allow":["GET"]}}],"collection":[{"href":"https:\/\/agora.xtec.cat\/ceip-jruyra-l-h\/wp-json\/wp\/v2\/posts"}],"about":[{"href":"https:\/\/agora.xtec.cat\/ceip-jruyra-l-h\/wp-json\/wp\/v2\/types\/post"}],"author":[{"embeddable":true,"href":"https:\/\/agora.xtec.cat\/ceip-jruyra-l-h\/wp-json\/wp\/v2\/users\/63"}],"replies":[{"embeddable":true,"href":"https:\/\/agora.xtec.cat\/ceip-jruyra-l-h\/wp-json\/wp\/v2\/comments?post=16895"}],"version-history":[{"count":1,"href":"https:\/\/agora.xtec.cat\/ceip-jruyra-l-h\/wp-json\/wp\/v2\/posts\/16895\/revisions"}],"predecessor-version":[{"id":16897,"href":"https:\/\/agora.xtec.cat\/ceip-jruyra-l-h\/wp-json\/wp\/v2\/posts\/16895\/revisions\/16897"}],"wp:featuredmedia":[{"embeddable":true,"href":"https:\/\/agora.xtec.cat\/ceip-jruyra-l-h\/wp-json\/wp\/v2\/media\/16896"}],"wp:attachment":[{"href":"https:\/\/agora.xtec.cat\/ceip-jruyra-l-h\/wp-json\/wp\/v2\/media?parent=16895"}],"wp:term":[{"taxonomy":"category","embeddable":true,"href":"https:\/\/agora.xtec.cat\/ceip-jruyra-l-h\/wp-json\/wp\/v2\/categories?post=16895"},{"taxonomy":"post_tag","embeddable":true,"href":"https:\/\/agora.xtec.cat\/ceip-jruyra-l-h\/wp-json\/wp\/v2\/tags?post=16895"}],"curies":[{"name":"wp","href":"https:\/\/api.w.org\/{rel}","templated":true}]}}