{"id":16860,"date":"2025-06-10T09:19:36","date_gmt":"2025-06-10T07:19:36","guid":{"rendered":"https:\/\/agora.xtec.cat\/ceip-jruyra-l-h\/?p=16860"},"modified":"2025-06-10T09:19:36","modified_gmt":"2025-06-10T07:19:36","slug":"infantil-anem-al-circ","status":"publish","type":"post","link":"https:\/\/agora.xtec.cat\/ceip-jruyra-l-h\/infantil\/infantil-anem-al-circ\/","title":{"rendered":"Infantil &#8211; Anem al circ"},"content":{"rendered":"<p>Atenci\u00f3 nens i nenes, adults de totes les edats, ja hi som, ja ha arribat, ja \u00e9s aqu\u00ed el circ!<\/p>\n<p>Pistes de sorra, grades plenes, llums i m\u00fasica, espectacle de m\u00e0gia i malabars, riures i aplaudiments,&#8230; aix\u00f2 \u00e9s el m\u00f3n del circ, per\u00f2 no \u00e9s un espectacle distant. Ha estat tota una experi\u00e8ncia en primera persona.<\/p>\n<p>Voleu veure els jocs on han participat els vostres infants? La il\u00b7lusi\u00f3 a les seves cares en formar part de l\u2019espectacle? Les ganes d\u2019experimentar amb tot all\u00f2 que tenien al seu voltant?<\/p>\n<p>Doncs no us ho penseu m\u00e9s, seguiu l\u2019enlla\u00e7 i compartiu amb els vostres nens i les vostres nenes aquests moments m\u00e0gics!!!<\/p>\n<p><a href=\"https:\/\/drive.google.com\/drive\/folders\/1LOOWW6aPfmY2y7UyM8sdb97DWsBs3aT4?usp=sharing\">https:\/\/drive.google.com\/drive\/folders\/1LOOWW6aPfmY2y7UyM8sdb97DWsBs3aT4?usp=sharing<\/a><\/p>\n","protected":false},"excerpt":{"rendered":"<p>Atenci\u00f3 nens i nenes, adults de totes les edats, ja hi som, ja ha arribat, ja \u00e9s aqu\u00ed el circ!<br \/>\nPistes de sorra, grades plenes, llums i m\u00fasica, espectacle de m\u00e0gia i malabars, riures i aplaudiments,&#8230; aix\u00f2 \u00e9s el m\u00f3n del circ, per\u00f2 no \u00e9s un&hellip;  <a href=\"https:\/\/agora.xtec.cat\/ceip-jruyra-l-h\/infantil\/infantil-anem-al-circ\/\" title=\"Read Infantil &#8211; Anem al circ\">Llegeix m\u00e9s\u00bb<\/a><\/p>\n","protected":false},"author":19,"featured_media":16861,"comment_status":"open","ping_status":"open","sticky":false,"template":"","format":"standard","meta":{"_bbp_topic_count":0,"_bbp_reply_count":0,"_bbp_total_topic_count":0,"_bbp_total_reply_count":0,"_bbp_voice_count":0,"_bbp_anonymous_reply_count":0,"_bbp_topic_count_hidden":0,"_bbp_reply_count_hidden":0,"_bbp_forum_subforum_count":0,"footnotes":""},"categories":[2,3,8,9],"tags":[],"class_list":["post-16860","post","type-post","status-publish","format-standard","has-post-thumbnail","hentry","category-infantil","category-i3","category-i4","category-i5"],"post_mailing_queue_ids":[],"_links":{"self":[{"href":"https:\/\/agora.xtec.cat\/ceip-jruyra-l-h\/wp-json\/wp\/v2\/posts\/16860","targetHints":{"allow":["GET"]}}],"collection":[{"href":"https:\/\/agora.xtec.cat\/ceip-jruyra-l-h\/wp-json\/wp\/v2\/posts"}],"about":[{"href":"https:\/\/agora.xtec.cat\/ceip-jruyra-l-h\/wp-json\/wp\/v2\/types\/post"}],"author":[{"embeddable":true,"href":"https:\/\/agora.xtec.cat\/ceip-jruyra-l-h\/wp-json\/wp\/v2\/users\/19"}],"replies":[{"embeddable":true,"href":"https:\/\/agora.xtec.cat\/ceip-jruyra-l-h\/wp-json\/wp\/v2\/comments?post=16860"}],"version-history":[{"count":1,"href":"https:\/\/agora.xtec.cat\/ceip-jruyra-l-h\/wp-json\/wp\/v2\/posts\/16860\/revisions"}],"predecessor-version":[{"id":16862,"href":"https:\/\/agora.xtec.cat\/ceip-jruyra-l-h\/wp-json\/wp\/v2\/posts\/16860\/revisions\/16862"}],"wp:featuredmedia":[{"embeddable":true,"href":"https:\/\/agora.xtec.cat\/ceip-jruyra-l-h\/wp-json\/wp\/v2\/media\/16861"}],"wp:attachment":[{"href":"https:\/\/agora.xtec.cat\/ceip-jruyra-l-h\/wp-json\/wp\/v2\/media?parent=16860"}],"wp:term":[{"taxonomy":"category","embeddable":true,"href":"https:\/\/agora.xtec.cat\/ceip-jruyra-l-h\/wp-json\/wp\/v2\/categories?post=16860"},{"taxonomy":"post_tag","embeddable":true,"href":"https:\/\/agora.xtec.cat\/ceip-jruyra-l-h\/wp-json\/wp\/v2\/tags?post=16860"}],"curies":[{"name":"wp","href":"https:\/\/api.w.org\/{rel}","templated":true}]}}