{"id":16843,"date":"2025-06-07T09:02:55","date_gmt":"2025-06-07T07:02:55","guid":{"rendered":"https:\/\/agora.xtec.cat\/ceip-jruyra-l-h\/?p=16843"},"modified":"2025-06-03T09:03:07","modified_gmt":"2025-06-03T07:03:07","slug":"aniversaris-mes-de-maig","status":"publish","type":"post","link":"https:\/\/agora.xtec.cat\/ceip-jruyra-l-h\/infantil\/i4\/aniversaris-mes-de-maig\/","title":{"rendered":"Aniversaris mes de maig"},"content":{"rendered":"<p>Bona tarda fam\u00edlies, avui hem celebrat els aniversaris del mes de maig<\/p>\n<p>Moltes felicitats a l\u2019Aitana i a l\u2019Abderahman i al Miguel que ja tenen 5 anys!<\/p>\n<p>Els nens i nenes de la classe dels Soldadets de Plom han gaudit molt menjant les galetes i els sucs que han portat les fam\u00edlies, tamb\u00e9 s\u2019ho han passat d\u2019all\u00f2 m\u00e9s b\u00e9 ballant tots plegats. Aqu\u00ed us deixo les fotos.<\/p>\n<p>https:\/\/drive.google.com\/drive\/u\/0\/folders\/1W9nZ7C8uW5PAUJLewvo4M8c5D2RDHnra<\/p>\n","protected":false},"excerpt":{"rendered":"<p>Bona tarda fam\u00edlies, avui hem celebrat els aniversaris del mes de maig<br \/>\nMoltes felicitats a l\u2019Aitana i a l\u2019Abderahman i al Miguel que ja tenen 5 anys!<br \/>\nEls nens i nenes de la classe dels Soldadets de Plom han gaudit molt menjant les galetes i els sucs&hellip;  <a href=\"https:\/\/agora.xtec.cat\/ceip-jruyra-l-h\/infantil\/i4\/aniversaris-mes-de-maig\/\" title=\"Read Aniversaris mes de maig\">Llegeix m\u00e9s\u00bb<\/a><\/p>\n","protected":false},"author":73,"featured_media":15700,"comment_status":"open","ping_status":"closed","sticky":false,"template":"","format":"standard","meta":{"_bbp_topic_count":0,"_bbp_reply_count":0,"_bbp_total_topic_count":0,"_bbp_total_reply_count":0,"_bbp_voice_count":0,"_bbp_anonymous_reply_count":0,"_bbp_topic_count_hidden":0,"_bbp_reply_count_hidden":0,"_bbp_forum_subforum_count":0,"footnotes":""},"categories":[8],"tags":[],"class_list":["post-16843","post","type-post","status-publish","format-standard","has-post-thumbnail","hentry","category-i4"],"post_mailing_queue_ids":[],"_links":{"self":[{"href":"https:\/\/agora.xtec.cat\/ceip-jruyra-l-h\/wp-json\/wp\/v2\/posts\/16843","targetHints":{"allow":["GET"]}}],"collection":[{"href":"https:\/\/agora.xtec.cat\/ceip-jruyra-l-h\/wp-json\/wp\/v2\/posts"}],"about":[{"href":"https:\/\/agora.xtec.cat\/ceip-jruyra-l-h\/wp-json\/wp\/v2\/types\/post"}],"author":[{"embeddable":true,"href":"https:\/\/agora.xtec.cat\/ceip-jruyra-l-h\/wp-json\/wp\/v2\/users\/73"}],"replies":[{"embeddable":true,"href":"https:\/\/agora.xtec.cat\/ceip-jruyra-l-h\/wp-json\/wp\/v2\/comments?post=16843"}],"version-history":[{"count":1,"href":"https:\/\/agora.xtec.cat\/ceip-jruyra-l-h\/wp-json\/wp\/v2\/posts\/16843\/revisions"}],"predecessor-version":[{"id":16844,"href":"https:\/\/agora.xtec.cat\/ceip-jruyra-l-h\/wp-json\/wp\/v2\/posts\/16843\/revisions\/16844"}],"wp:featuredmedia":[{"embeddable":true,"href":"https:\/\/agora.xtec.cat\/ceip-jruyra-l-h\/wp-json\/wp\/v2\/media\/15700"}],"wp:attachment":[{"href":"https:\/\/agora.xtec.cat\/ceip-jruyra-l-h\/wp-json\/wp\/v2\/media?parent=16843"}],"wp:term":[{"taxonomy":"category","embeddable":true,"href":"https:\/\/agora.xtec.cat\/ceip-jruyra-l-h\/wp-json\/wp\/v2\/categories?post=16843"},{"taxonomy":"post_tag","embeddable":true,"href":"https:\/\/agora.xtec.cat\/ceip-jruyra-l-h\/wp-json\/wp\/v2\/tags?post=16843"}],"curies":[{"name":"wp","href":"https:\/\/api.w.org\/{rel}","templated":true}]}}