{"id":16790,"date":"2025-05-18T06:50:53","date_gmt":"2025-05-18T04:50:53","guid":{"rendered":"https:\/\/agora.xtec.cat\/ceip-jruyra-l-h\/?p=16790"},"modified":"2025-05-17T06:51:15","modified_gmt":"2025-05-17T04:51:15","slug":"i3a-les-caputxetes-plastica-2","status":"publish","type":"post","link":"https:\/\/agora.xtec.cat\/ceip-jruyra-l-h\/infantil\/i3a-les-caputxetes-plastica-2\/","title":{"rendered":"I3A: Les Caputxetes &#8211; Pl\u00e0stica"},"content":{"rendered":"<p>Hola fam\u00edlies!<\/p>\n<p>En aquest enlla\u00e7 trobareu les fotos i v\u00eddeos de les caputxetes fent d&#8217;artistes a les sessions de pl\u00e0stica. Ens agrada molt poder crear a trav\u00e9s de diferents materials.<\/p>\n<p><a href=\"https:\/\/drive.google.com\/drive\/folders\/1vdf11xHNzfJCbpPv7gQsTPQ4ado-Wj37?usp=sharing\">https:\/\/drive.google.com\/drive\/folders\/1vdf11xHNzfJCbpPv7gQsTPQ4ado-Wj37?usp=sharing<\/a><\/p>\n<p>Seguim Caputxetes!<\/p>\n","protected":false},"excerpt":{"rendered":"<p>Hola fam\u00edlies!<br \/>\nEn aquest enlla\u00e7 trobareu les fotos i v\u00eddeos de les caputxetes fent d&#8217;artistes a les sessions de pl\u00e0stica. Ens agrada molt poder crear a trav\u00e9s de diferents materials.<br \/>\n<a href=\"https:\/\/drive.google.com\/drive\/folders\/1vdf11xHNzfJCbpPv7gQsTPQ4ado-Wj37?usp=sharing\">https:\/\/drive.google.com\/drive\/folders\/1vdf11xHNzfJCbpPv7gQsTPQ4ado-Wj37?usp=sharing<\/a><br \/>\nSeguim Caputxetes!<\/p>\n","protected":false},"author":65,"featured_media":16717,"comment_status":"open","ping_status":"closed","sticky":false,"template":"","format":"standard","meta":{"_bbp_topic_count":0,"_bbp_reply_count":0,"_bbp_total_topic_count":0,"_bbp_total_reply_count":0,"_bbp_voice_count":0,"_bbp_anonymous_reply_count":0,"_bbp_topic_count_hidden":0,"_bbp_reply_count_hidden":0,"_bbp_forum_subforum_count":0,"footnotes":""},"categories":[2,3],"tags":[],"class_list":["post-16790","post","type-post","status-publish","format-standard","has-post-thumbnail","hentry","category-infantil","category-i3"],"post_mailing_queue_ids":[],"_links":{"self":[{"href":"https:\/\/agora.xtec.cat\/ceip-jruyra-l-h\/wp-json\/wp\/v2\/posts\/16790","targetHints":{"allow":["GET"]}}],"collection":[{"href":"https:\/\/agora.xtec.cat\/ceip-jruyra-l-h\/wp-json\/wp\/v2\/posts"}],"about":[{"href":"https:\/\/agora.xtec.cat\/ceip-jruyra-l-h\/wp-json\/wp\/v2\/types\/post"}],"author":[{"embeddable":true,"href":"https:\/\/agora.xtec.cat\/ceip-jruyra-l-h\/wp-json\/wp\/v2\/users\/65"}],"replies":[{"embeddable":true,"href":"https:\/\/agora.xtec.cat\/ceip-jruyra-l-h\/wp-json\/wp\/v2\/comments?post=16790"}],"version-history":[{"count":1,"href":"https:\/\/agora.xtec.cat\/ceip-jruyra-l-h\/wp-json\/wp\/v2\/posts\/16790\/revisions"}],"predecessor-version":[{"id":16791,"href":"https:\/\/agora.xtec.cat\/ceip-jruyra-l-h\/wp-json\/wp\/v2\/posts\/16790\/revisions\/16791"}],"wp:featuredmedia":[{"embeddable":true,"href":"https:\/\/agora.xtec.cat\/ceip-jruyra-l-h\/wp-json\/wp\/v2\/media\/16717"}],"wp:attachment":[{"href":"https:\/\/agora.xtec.cat\/ceip-jruyra-l-h\/wp-json\/wp\/v2\/media?parent=16790"}],"wp:term":[{"taxonomy":"category","embeddable":true,"href":"https:\/\/agora.xtec.cat\/ceip-jruyra-l-h\/wp-json\/wp\/v2\/categories?post=16790"},{"taxonomy":"post_tag","embeddable":true,"href":"https:\/\/agora.xtec.cat\/ceip-jruyra-l-h\/wp-json\/wp\/v2\/tags?post=16790"}],"curies":[{"name":"wp","href":"https:\/\/api.w.org\/{rel}","templated":true}]}}