{"id":16788,"date":"2025-05-17T06:50:43","date_gmt":"2025-05-17T04:50:43","guid":{"rendered":"https:\/\/agora.xtec.cat\/ceip-jruyra-l-h\/?p=16788"},"modified":"2025-05-17T06:50:43","modified_gmt":"2025-05-17T04:50:43","slug":"i3a-les-caputxetes-taller-tram","status":"publish","type":"post","link":"https:\/\/agora.xtec.cat\/ceip-jruyra-l-h\/infantil\/i3a-les-caputxetes-taller-tram\/","title":{"rendered":"I3A: Les Caputxetes \u2013 Taller TRAM"},"content":{"rendered":"<p>Hola fam\u00edlies!<\/p>\n<p>El dilluns 12 de maig vam fer un taller sobre el Tramvia. Primer ens van explicar un conte, a trav\u00e9s de la pantalla digital, on parlava de la vida del tram. Va ser molt interessant. Un cop vam acabar el conte vam fer una activitat molt representativa, ens van donar unes targetes i vam jugar a anar amb tramvia. Ens ho vam passar molt b\u00e9.<\/p>\n<p>En el seg\u00fcent enlla\u00e7 trobareu les fotos i v\u00eddeos del taller:\u00a0<a href=\"https:\/\/drive.google.com\/drive\/folders\/1aF7FviFbjkVQTEEMGL8g0McBMYvVFml_?usp=sharing\">https:\/\/drive.google.com\/drive\/folders\/1aF7FviFbjkVQTEEMGL8g0McBMYvVFml_?usp=sharing<\/a><\/p>\n<p>Seguim Caputxetes!<\/p>\n","protected":false},"excerpt":{"rendered":"<p>Hola fam\u00edlies!<br \/>\nEl dilluns 12 de maig vam fer un taller sobre el Tramvia. Primer ens van explicar un conte, a trav\u00e9s de la pantalla digital, on parlava de la vida del tram. Va ser molt interessant. Un cop vam acabar el conte vam fer una&hellip;  <a href=\"https:\/\/agora.xtec.cat\/ceip-jruyra-l-h\/infantil\/i3a-les-caputxetes-taller-tram\/\" title=\"Read I3A: Les Caputxetes \u2013 Taller TRAM\">Llegeix m\u00e9s\u00bb<\/a><\/p>\n","protected":false},"author":65,"featured_media":15304,"comment_status":"open","ping_status":"closed","sticky":false,"template":"","format":"standard","meta":{"_bbp_topic_count":0,"_bbp_reply_count":0,"_bbp_total_topic_count":0,"_bbp_total_reply_count":0,"_bbp_voice_count":0,"_bbp_anonymous_reply_count":0,"_bbp_topic_count_hidden":0,"_bbp_reply_count_hidden":0,"_bbp_forum_subforum_count":0,"footnotes":""},"categories":[2,3],"tags":[],"class_list":["post-16788","post","type-post","status-publish","format-standard","has-post-thumbnail","hentry","category-infantil","category-i3"],"post_mailing_queue_ids":[],"_links":{"self":[{"href":"https:\/\/agora.xtec.cat\/ceip-jruyra-l-h\/wp-json\/wp\/v2\/posts\/16788","targetHints":{"allow":["GET"]}}],"collection":[{"href":"https:\/\/agora.xtec.cat\/ceip-jruyra-l-h\/wp-json\/wp\/v2\/posts"}],"about":[{"href":"https:\/\/agora.xtec.cat\/ceip-jruyra-l-h\/wp-json\/wp\/v2\/types\/post"}],"author":[{"embeddable":true,"href":"https:\/\/agora.xtec.cat\/ceip-jruyra-l-h\/wp-json\/wp\/v2\/users\/65"}],"replies":[{"embeddable":true,"href":"https:\/\/agora.xtec.cat\/ceip-jruyra-l-h\/wp-json\/wp\/v2\/comments?post=16788"}],"version-history":[{"count":1,"href":"https:\/\/agora.xtec.cat\/ceip-jruyra-l-h\/wp-json\/wp\/v2\/posts\/16788\/revisions"}],"predecessor-version":[{"id":16789,"href":"https:\/\/agora.xtec.cat\/ceip-jruyra-l-h\/wp-json\/wp\/v2\/posts\/16788\/revisions\/16789"}],"wp:featuredmedia":[{"embeddable":true,"href":"https:\/\/agora.xtec.cat\/ceip-jruyra-l-h\/wp-json\/wp\/v2\/media\/15304"}],"wp:attachment":[{"href":"https:\/\/agora.xtec.cat\/ceip-jruyra-l-h\/wp-json\/wp\/v2\/media?parent=16788"}],"wp:term":[{"taxonomy":"category","embeddable":true,"href":"https:\/\/agora.xtec.cat\/ceip-jruyra-l-h\/wp-json\/wp\/v2\/categories?post=16788"},{"taxonomy":"post_tag","embeddable":true,"href":"https:\/\/agora.xtec.cat\/ceip-jruyra-l-h\/wp-json\/wp\/v2\/tags?post=16788"}],"curies":[{"name":"wp","href":"https:\/\/api.w.org\/{rel}","templated":true}]}}