{"id":16784,"date":"2025-05-16T12:12:05","date_gmt":"2025-05-16T10:12:05","guid":{"rendered":"https:\/\/agora.xtec.cat\/ceip-jruyra-l-h\/?p=16784"},"modified":"2025-05-16T12:12:05","modified_gmt":"2025-05-16T10:12:05","slug":"celebracio-del-50e-aniversari-de-lescola","status":"publish","type":"post","link":"https:\/\/agora.xtec.cat\/ceip-jruyra-l-h\/general\/celebracio-del-50e-aniversari-de-lescola\/","title":{"rendered":"Celebraci\u00f3 del 50\u00e8 aniversari de l&#8217;escola."},"content":{"rendered":"<p data-pm-slice=\"1 1 []\">Amb motiu del nostre 50\u00e8 aniversari, hem preparat una invitaci\u00f3 especial en format v\u00eddeo que no us podeu perdre!<\/p>\n<p>Us convidem a venir el divendres 23 de maig a l&#8217;escola a partir 15:15, on podreu gaudir d&#8217;unes petites actuacions dels nostres infants. Ser\u00e0 una ocasi\u00f3 \u00fanica per celebrar junts aquest moment tan especial.<\/p>\n<p>No falteu!! Estem desitjant compartir amb tots i totes vosaltres aquesta gran festa!!<\/p>\n<p><iframe loading=\"lazy\" title=\"YouTube video player\" src=\"https:\/\/www.youtube.com\/embed\/-IdIUM3d_so?si=wJd8fxnqaBnvNJZQ\" width=\"560\" height=\"315\" frameborder=\"0\" allowfullscreen=\"allowfullscreen\"><\/iframe><\/p>\n","protected":false},"excerpt":{"rendered":"<p>Amb motiu del nostre 50\u00e8 aniversari, hem preparat una invitaci\u00f3 especial en format v\u00eddeo que no us podeu perdre!<br \/>\nUs convidem a venir el divendres 23 de maig a l&#8217;escola a partir 15:15, on podreu gaudir d&#8217;unes petites actuacions dels nostres infants. Ser\u00e0 una ocasi\u00f3 \u00fanica&hellip;  <a href=\"https:\/\/agora.xtec.cat\/ceip-jruyra-l-h\/general\/celebracio-del-50e-aniversari-de-lescola\/\" title=\"Read Celebraci\u00f3 del 50\u00e8 aniversari de l&#8217;escola.\">Llegeix m\u00e9s\u00bb<\/a><\/p>\n","protected":false},"author":1,"featured_media":16786,"comment_status":"open","ping_status":"closed","sticky":false,"template":"","format":"standard","meta":{"_bbp_topic_count":0,"_bbp_reply_count":0,"_bbp_total_topic_count":0,"_bbp_total_reply_count":0,"_bbp_voice_count":0,"_bbp_anonymous_reply_count":0,"_bbp_topic_count_hidden":0,"_bbp_reply_count_hidden":0,"_bbp_forum_subforum_count":0,"footnotes":""},"categories":[60,1,4],"tags":[71,83,67],"class_list":["post-16784","post","type-post","status-publish","format-standard","has-post-thumbnail","hentry","category-cdaxarxa","category-general","category-portada","tag-actuacions-educatives-dexit","tag-comunitats-daprenentatge","tag-participacio-educativa-de-la-comunitat"],"post_mailing_queue_ids":[],"_links":{"self":[{"href":"https:\/\/agora.xtec.cat\/ceip-jruyra-l-h\/wp-json\/wp\/v2\/posts\/16784","targetHints":{"allow":["GET"]}}],"collection":[{"href":"https:\/\/agora.xtec.cat\/ceip-jruyra-l-h\/wp-json\/wp\/v2\/posts"}],"about":[{"href":"https:\/\/agora.xtec.cat\/ceip-jruyra-l-h\/wp-json\/wp\/v2\/types\/post"}],"author":[{"embeddable":true,"href":"https:\/\/agora.xtec.cat\/ceip-jruyra-l-h\/wp-json\/wp\/v2\/users\/1"}],"replies":[{"embeddable":true,"href":"https:\/\/agora.xtec.cat\/ceip-jruyra-l-h\/wp-json\/wp\/v2\/comments?post=16784"}],"version-history":[{"count":2,"href":"https:\/\/agora.xtec.cat\/ceip-jruyra-l-h\/wp-json\/wp\/v2\/posts\/16784\/revisions"}],"predecessor-version":[{"id":16787,"href":"https:\/\/agora.xtec.cat\/ceip-jruyra-l-h\/wp-json\/wp\/v2\/posts\/16784\/revisions\/16787"}],"wp:featuredmedia":[{"embeddable":true,"href":"https:\/\/agora.xtec.cat\/ceip-jruyra-l-h\/wp-json\/wp\/v2\/media\/16786"}],"wp:attachment":[{"href":"https:\/\/agora.xtec.cat\/ceip-jruyra-l-h\/wp-json\/wp\/v2\/media?parent=16784"}],"wp:term":[{"taxonomy":"category","embeddable":true,"href":"https:\/\/agora.xtec.cat\/ceip-jruyra-l-h\/wp-json\/wp\/v2\/categories?post=16784"},{"taxonomy":"post_tag","embeddable":true,"href":"https:\/\/agora.xtec.cat\/ceip-jruyra-l-h\/wp-json\/wp\/v2\/tags?post=16784"}],"curies":[{"name":"wp","href":"https:\/\/api.w.org\/{rel}","templated":true}]}}