{"id":16782,"date":"2025-05-16T09:04:07","date_gmt":"2025-05-16T07:04:07","guid":{"rendered":"https:\/\/agora.xtec.cat\/ceip-jruyra-l-h\/?p=16782"},"modified":"2025-05-16T09:04:07","modified_gmt":"2025-05-16T07:04:07","slug":"i4c-mira-el-tram","status":"publish","type":"post","link":"https:\/\/agora.xtec.cat\/ceip-jruyra-l-h\/infantil\/i4\/i4c-mira-el-tram\/","title":{"rendered":"I4C: MIRA EL TRAM"},"content":{"rendered":"<p>Hola fam\u00edlies, aquesta setmana hem realitzat una activitat a l&#8217;aula per tal de con\u00e8ixer els medis de transport p\u00fablic, concretament el tranvia. Vam realitzar una activitat on els nens i nenes van poder visualitzar el\u00a0 conte &#8220;Mira el Tram&#8221; per poder con\u00e8ixer la vida d&#8217;un tramvia durant una jornada, des que es lleva fins que se&#8217;n va a dormir. Al conte van trobar diferents animacions amb les quals van poder interactuar i explorar diversos aspectes de viatjar amb tramvia. Els objectius principals que es promouen amb aquesta activitat \u00e9s donar a con\u00e8ixer i promoure un bon \u00fas del transport p\u00fablic , aprendre a com ens hem de comportar dins del tramvia i quins passos hem de seguir a l&#8217;hora de despa\u00e7ar-nos. Aqu\u00ed us deixo algunes fotos.<\/p>\n<p>https:\/\/drive.google.com\/drive\/folders\/10-Qa6wKlDRRZzMDgutgl-xtkkB-wMXcj<\/p>\n","protected":false},"excerpt":{"rendered":"<p>Hola fam\u00edlies, aquesta setmana hem realitzat una activitat a l&#8217;aula per tal de con\u00e8ixer els medis de transport p\u00fablic, concretament el tranvia. Vam realitzar una activitat on els nens i nenes van poder visualitzar el\u00a0 conte &#8220;Mira el Tram&#8221; per poder con\u00e8ixer la vida d&#8217;un&hellip;  <a href=\"https:\/\/agora.xtec.cat\/ceip-jruyra-l-h\/infantil\/i4\/i4c-mira-el-tram\/\" title=\"Read I4C: MIRA EL TRAM\">Llegeix m\u00e9s\u00bb<\/a><\/p>\n","protected":false},"author":73,"featured_media":15304,"comment_status":"open","ping_status":"closed","sticky":false,"template":"","format":"standard","meta":{"_bbp_topic_count":0,"_bbp_reply_count":0,"_bbp_total_topic_count":0,"_bbp_total_reply_count":0,"_bbp_voice_count":0,"_bbp_anonymous_reply_count":0,"_bbp_topic_count_hidden":0,"_bbp_reply_count_hidden":0,"_bbp_forum_subforum_count":0,"footnotes":""},"categories":[8],"tags":[],"class_list":["post-16782","post","type-post","status-publish","format-standard","has-post-thumbnail","hentry","category-i4"],"post_mailing_queue_ids":[],"_links":{"self":[{"href":"https:\/\/agora.xtec.cat\/ceip-jruyra-l-h\/wp-json\/wp\/v2\/posts\/16782","targetHints":{"allow":["GET"]}}],"collection":[{"href":"https:\/\/agora.xtec.cat\/ceip-jruyra-l-h\/wp-json\/wp\/v2\/posts"}],"about":[{"href":"https:\/\/agora.xtec.cat\/ceip-jruyra-l-h\/wp-json\/wp\/v2\/types\/post"}],"author":[{"embeddable":true,"href":"https:\/\/agora.xtec.cat\/ceip-jruyra-l-h\/wp-json\/wp\/v2\/users\/73"}],"replies":[{"embeddable":true,"href":"https:\/\/agora.xtec.cat\/ceip-jruyra-l-h\/wp-json\/wp\/v2\/comments?post=16782"}],"version-history":[{"count":1,"href":"https:\/\/agora.xtec.cat\/ceip-jruyra-l-h\/wp-json\/wp\/v2\/posts\/16782\/revisions"}],"predecessor-version":[{"id":16783,"href":"https:\/\/agora.xtec.cat\/ceip-jruyra-l-h\/wp-json\/wp\/v2\/posts\/16782\/revisions\/16783"}],"wp:featuredmedia":[{"embeddable":true,"href":"https:\/\/agora.xtec.cat\/ceip-jruyra-l-h\/wp-json\/wp\/v2\/media\/15304"}],"wp:attachment":[{"href":"https:\/\/agora.xtec.cat\/ceip-jruyra-l-h\/wp-json\/wp\/v2\/media?parent=16782"}],"wp:term":[{"taxonomy":"category","embeddable":true,"href":"https:\/\/agora.xtec.cat\/ceip-jruyra-l-h\/wp-json\/wp\/v2\/categories?post=16782"},{"taxonomy":"post_tag","embeddable":true,"href":"https:\/\/agora.xtec.cat\/ceip-jruyra-l-h\/wp-json\/wp\/v2\/tags?post=16782"}],"curies":[{"name":"wp","href":"https:\/\/api.w.org\/{rel}","templated":true}]}}