{"id":16778,"date":"2025-05-08T18:47:52","date_gmt":"2025-05-08T16:47:52","guid":{"rendered":"https:\/\/agora.xtec.cat\/ceip-jruyra-l-h\/?p=16778"},"modified":"2025-05-08T18:47:52","modified_gmt":"2025-05-08T16:47:52","slug":"visita-a-la-biblioteca-tecla-sala","status":"publish","type":"post","link":"https:\/\/agora.xtec.cat\/ceip-jruyra-l-h\/primaria\/visita-a-la-biblioteca-tecla-sala\/","title":{"rendered":"Visita a la Biblioteca Tecla Sala"},"content":{"rendered":"<p>Els nens i nenes de 1r hem anat a visitar la Biblioteca Tecla Sala. Ha estat una sortida molt especial!<\/p>\n<p>Hem descobert el m\u00f3n dels c\u00f2mics, les seves vinyetes i bafarades, i hem apr\u00e8s a distingir quan un personatge pensa, crida o parla. Ens ho hem passat molt b\u00e9 explorant les hist\u00f2ries i creant les nostres pr\u00f2pies expressions!<\/p>\n<p>Us compartim algunes <a href=\"https:\/\/drive.google.com\/drive\/folders\/1aw44axDblwMkpjnjkpKKPeXbEXQu1jhk\">fotografies<\/a> perqu\u00e8 pugueu veure com hem gaudit d\u2019aquesta experi\u00e8ncia.<\/p>\n<p><a href=\"https:\/\/drive.google.com\/drive\/folders\/1aw44axDblwMkpjnjkpKKPeXbEXQu1jhk\"><img loading=\"lazy\" decoding=\"async\" class=\"aligncenter\" src=\"https:\/\/encrypted-tbn0.gstatic.com\/images?q=tbn:ANd9GcSsfzEyUbnQwYrKnjj1n9gzCloTLkvQsKtjgQ&amp;s\" alt=\"Biblioteca Central Tecla Sala - Arquitectura Catalana .Cat\" width=\"326\" height=\"216\" \/><\/a><\/p>\n","protected":false},"excerpt":{"rendered":"<p>Els nens i nenes de 1r hem anat a visitar la Biblioteca Tecla Sala. Ha estat una sortida molt especial!<br \/>\nHem descobert el m\u00f3n dels c\u00f2mics, les seves vinyetes i bafarades, i hem apr\u00e8s a distingir quan un personatge pensa, crida o parla. Ens ho hem&hellip;  <a href=\"https:\/\/agora.xtec.cat\/ceip-jruyra-l-h\/primaria\/visita-a-la-biblioteca-tecla-sala\/\" title=\"Read Visita a la Biblioteca Tecla Sala\">Llegeix m\u00e9s\u00bb<\/a><\/p>\n","protected":false},"author":72,"featured_media":16781,"comment_status":"open","ping_status":"closed","sticky":false,"template":"","format":"standard","meta":{"_bbp_topic_count":0,"_bbp_reply_count":0,"_bbp_total_topic_count":0,"_bbp_total_reply_count":0,"_bbp_voice_count":0,"_bbp_anonymous_reply_count":0,"_bbp_topic_count_hidden":0,"_bbp_reply_count_hidden":0,"_bbp_forum_subforum_count":0,"footnotes":""},"categories":[10,5],"tags":[],"class_list":["post-16778","post","type-post","status-publish","format-standard","has-post-thumbnail","hentry","category-1r","category-primaria"],"post_mailing_queue_ids":[],"_links":{"self":[{"href":"https:\/\/agora.xtec.cat\/ceip-jruyra-l-h\/wp-json\/wp\/v2\/posts\/16778","targetHints":{"allow":["GET"]}}],"collection":[{"href":"https:\/\/agora.xtec.cat\/ceip-jruyra-l-h\/wp-json\/wp\/v2\/posts"}],"about":[{"href":"https:\/\/agora.xtec.cat\/ceip-jruyra-l-h\/wp-json\/wp\/v2\/types\/post"}],"author":[{"embeddable":true,"href":"https:\/\/agora.xtec.cat\/ceip-jruyra-l-h\/wp-json\/wp\/v2\/users\/72"}],"replies":[{"embeddable":true,"href":"https:\/\/agora.xtec.cat\/ceip-jruyra-l-h\/wp-json\/wp\/v2\/comments?post=16778"}],"version-history":[{"count":1,"href":"https:\/\/agora.xtec.cat\/ceip-jruyra-l-h\/wp-json\/wp\/v2\/posts\/16778\/revisions"}],"predecessor-version":[{"id":16779,"href":"https:\/\/agora.xtec.cat\/ceip-jruyra-l-h\/wp-json\/wp\/v2\/posts\/16778\/revisions\/16779"}],"wp:featuredmedia":[{"embeddable":true,"href":"https:\/\/agora.xtec.cat\/ceip-jruyra-l-h\/wp-json\/wp\/v2\/media\/16781"}],"wp:attachment":[{"href":"https:\/\/agora.xtec.cat\/ceip-jruyra-l-h\/wp-json\/wp\/v2\/media?parent=16778"}],"wp:term":[{"taxonomy":"category","embeddable":true,"href":"https:\/\/agora.xtec.cat\/ceip-jruyra-l-h\/wp-json\/wp\/v2\/categories?post=16778"},{"taxonomy":"post_tag","embeddable":true,"href":"https:\/\/agora.xtec.cat\/ceip-jruyra-l-h\/wp-json\/wp\/v2\/tags?post=16778"}],"curies":[{"name":"wp","href":"https:\/\/api.w.org\/{rel}","templated":true}]}}