{"id":16772,"date":"2025-05-09T09:19:57","date_gmt":"2025-05-09T07:19:57","guid":{"rendered":"https:\/\/agora.xtec.cat\/ceip-jruyra-l-h\/?p=16772"},"modified":"2025-05-09T09:19:57","modified_gmt":"2025-05-09T07:19:57","slug":"i5a-i-i5b-apadrinament-lector","status":"publish","type":"post","link":"https:\/\/agora.xtec.cat\/ceip-jruyra-l-h\/infantil\/i5\/i5a-i-i5b-apadrinament-lector\/","title":{"rendered":"I5A i I5B- Apadrinament Lector"},"content":{"rendered":"<p>Hola fam\u00edlies!<\/p>\n<p>Qu\u00e8 pot ser m\u00e9s interessant que submergir-se en el m\u00f3n dels contes? Qu\u00e8 pot estimular m\u00e9s la nostra imaginaci\u00f3? On podem trobar una porta m\u00e9s gran a hist\u00f2ries i personatges d\u2019arreu del m\u00f3n? Qu\u00e8 pot resultar m\u00e9s fascinant? Podr\u00edem pensar que la resposta es \u201cres\u201d per\u00f2 si a la lectura de contes li afegim uns companys i unes companyes \u201cdels grans\u201d que volen compartir tot all\u00f2 que saben amb nosaltres la resposta ja no \u00e9s tan f\u00e0cil.<\/p>\n<p>Moltes gr\u00e0cies per acompanyar-nos, per l\u2019esfor\u00e7 mostrat, per la paci\u00e8ncia i la comprensi\u00f3, per la preparaci\u00f3,&#8230; per\u00f2 sobretot MOLTES GR\u00c0CIES PER L\u2019AMOR MOSTRAT. Tots i totes formem la nostra escola i les ganes que heu mostrat s\u00f3n el millor dels exemples.<\/p>\n<p>Per\u00f2 no volem que tots aquests moments es quedin nom\u00e9s en unes paraules escrites, com les hist\u00f2ries que m\u00e9s ens agraden a continuaci\u00f3 podreu trobar una galeria de fotos i v\u00eddeos que il\u00b7lustren, com en els millors dels nostres contes, aquesta gran experi\u00e8ncia. Benvinguts i benvingudes a l\u2019apadrinament lector!!!<\/p>\n<p><a href=\"https:\/\/drive.google.com\/drive\/folders\/1T2rWJvE0hCXjB4lzZILbaIq-f47jdKMh?usp=sharing\">https:\/\/drive.google.com\/drive\/folders\/1T2rWJvE0hCXjB4lzZILbaIq-f47jdKMh?usp=sharing<\/a><\/p>\n","protected":false},"excerpt":{"rendered":"<p>Hola fam\u00edlies!<br \/>\nQu\u00e8 pot ser m\u00e9s interessant que submergir-se en el m\u00f3n dels contes? Qu\u00e8 pot estimular m\u00e9s la nostra imaginaci\u00f3? On podem trobar una porta m\u00e9s gran a hist\u00f2ries i personatges d\u2019arreu del m\u00f3n? Qu\u00e8 pot resultar m\u00e9s fascinant? Podr\u00edem pensar que la resposta es&hellip;  <a href=\"https:\/\/agora.xtec.cat\/ceip-jruyra-l-h\/infantil\/i5\/i5a-i-i5b-apadrinament-lector\/\" title=\"Read I5A i I5B- Apadrinament Lector\">Llegeix m\u00e9s\u00bb<\/a><\/p>\n","protected":false},"author":19,"featured_media":16773,"comment_status":"open","ping_status":"closed","sticky":false,"template":"","format":"standard","meta":{"_bbp_topic_count":0,"_bbp_reply_count":0,"_bbp_total_topic_count":0,"_bbp_total_reply_count":0,"_bbp_voice_count":0,"_bbp_anonymous_reply_count":0,"_bbp_topic_count_hidden":0,"_bbp_reply_count_hidden":0,"_bbp_forum_subforum_count":0,"footnotes":""},"categories":[9],"tags":[],"class_list":["post-16772","post","type-post","status-publish","format-standard","has-post-thumbnail","hentry","category-i5"],"post_mailing_queue_ids":[],"_links":{"self":[{"href":"https:\/\/agora.xtec.cat\/ceip-jruyra-l-h\/wp-json\/wp\/v2\/posts\/16772","targetHints":{"allow":["GET"]}}],"collection":[{"href":"https:\/\/agora.xtec.cat\/ceip-jruyra-l-h\/wp-json\/wp\/v2\/posts"}],"about":[{"href":"https:\/\/agora.xtec.cat\/ceip-jruyra-l-h\/wp-json\/wp\/v2\/types\/post"}],"author":[{"embeddable":true,"href":"https:\/\/agora.xtec.cat\/ceip-jruyra-l-h\/wp-json\/wp\/v2\/users\/19"}],"replies":[{"embeddable":true,"href":"https:\/\/agora.xtec.cat\/ceip-jruyra-l-h\/wp-json\/wp\/v2\/comments?post=16772"}],"version-history":[{"count":1,"href":"https:\/\/agora.xtec.cat\/ceip-jruyra-l-h\/wp-json\/wp\/v2\/posts\/16772\/revisions"}],"predecessor-version":[{"id":16774,"href":"https:\/\/agora.xtec.cat\/ceip-jruyra-l-h\/wp-json\/wp\/v2\/posts\/16772\/revisions\/16774"}],"wp:featuredmedia":[{"embeddable":true,"href":"https:\/\/agora.xtec.cat\/ceip-jruyra-l-h\/wp-json\/wp\/v2\/media\/16773"}],"wp:attachment":[{"href":"https:\/\/agora.xtec.cat\/ceip-jruyra-l-h\/wp-json\/wp\/v2\/media?parent=16772"}],"wp:term":[{"taxonomy":"category","embeddable":true,"href":"https:\/\/agora.xtec.cat\/ceip-jruyra-l-h\/wp-json\/wp\/v2\/categories?post=16772"},{"taxonomy":"post_tag","embeddable":true,"href":"https:\/\/agora.xtec.cat\/ceip-jruyra-l-h\/wp-json\/wp\/v2\/tags?post=16772"}],"curies":[{"name":"wp","href":"https:\/\/api.w.org\/{rel}","templated":true}]}}