{"id":16729,"date":"2025-04-30T17:07:42","date_gmt":"2025-04-30T15:07:42","guid":{"rendered":"https:\/\/agora.xtec.cat\/ceip-jruyra-l-h\/?p=16729"},"modified":"2025-04-29T17:08:08","modified_gmt":"2025-04-29T15:08:08","slug":"internivell-de-sant-jordi-al-cicle-inicial","status":"publish","type":"post","link":"https:\/\/agora.xtec.cat\/ceip-jruyra-l-h\/primaria\/internivell-de-sant-jordi-al-cicle-inicial\/","title":{"rendered":"Internivell de Sant Jordi al Cicle Inicial"},"content":{"rendered":"<p><span style=\"font-weight: 400;\">Els nens i nenes de primer i segon del Cicle Inicial han gaudit d&#8217;un internivell molt especial per celebrar la diada de Sant Jordi. Hem realitzat quatre activitats relacionades amb la llegenda que ens han perm\u00e8s viure i compartir aquesta tradici\u00f3 d&#8217;una manera divertida i motivadora.<\/span><\/p>\n<p><span style=\"font-weight: 400;\">Una de les activitats m\u00e9s destacades ha estat una representaci\u00f3 teatral en qu\u00e8 els infants s\u2019han posat a la pell dels personatges principals de la llegenda: la princesa, Sant Jordi i el drac, treballant aix\u00ed l&#8217;expressi\u00f3 corporal i la creativitat.<\/span><\/p>\n<p><span style=\"font-weight: 400;\">Tamb\u00e9, hem celebrat un \u201claboratori de dracs\u201d, on els nens i nenes han entrat a una cova m\u00e0gica i s\u2019han transformat en dracs, explorant la fantasia i la imaginaci\u00f3 d\u2019una manera l\u00fadica.<\/span><\/p>\n<p><span style=\"font-weight: 400;\">A m\u00e9s, hem creat la nostra rosa de Sant Jordi amb oueres<\/span><span style=\"font-weight: 400;\">\u00a0i hem realitzat una sopa de lletres i resolt un missatge secret sobre la llegenda de Sant Jordi.<\/span><\/p>\n<p><span style=\"font-weight: 400;\">Ha estat una experi\u00e8ncia molt enriquidora que ha perm\u00e8s la <\/span><span style=\"font-family: inherit; font-size: 1em;\">conviv\u00e8ncia i la col\u00b7laboraci\u00f3 entre els cursos del Cicle In<\/span><span style=\"font-family: inherit; font-size: 1em;\">icial, fomentant l\u2019esperit de treball en equip i la creativitat.<\/span><\/p>\n<p><strong>Cliqueu la imatge<\/strong> per veure les <strong>fotografies<\/strong> d&#8217;aquest dia especial.<a href=\"https:\/\/drive.google.com\/drive\/folders\/1dOL9EoRrawr4RZXtCdX0KXLbRJNE1-P4\"><img loading=\"lazy\" decoding=\"async\" class=\"wp-image-16730 aligncenter\" src=\"https:\/\/agora.xtec.cat\/ceip-jruyra-l-h\/wp-content\/uploads\/usu2049\/2025\/04\/santjordi-1024x704.jpg\" alt=\"\" width=\"625\" height=\"429\" srcset=\"https:\/\/agora.xtec.cat\/ceip-jruyra-l-h\/wp-content\/uploads\/usu2049\/2025\/04\/santjordi-1024x704.jpg 1024w, https:\/\/agora.xtec.cat\/ceip-jruyra-l-h\/wp-content\/uploads\/usu2049\/2025\/04\/santjordi-300x206.jpg 300w, https:\/\/agora.xtec.cat\/ceip-jruyra-l-h\/wp-content\/uploads\/usu2049\/2025\/04\/santjordi-768x528.jpg 768w, https:\/\/agora.xtec.cat\/ceip-jruyra-l-h\/wp-content\/uploads\/usu2049\/2025\/04\/santjordi-1536x1056.jpg 1536w, https:\/\/agora.xtec.cat\/ceip-jruyra-l-h\/wp-content\/uploads\/usu2049\/2025\/04\/santjordi.jpg 1600w\" sizes=\"auto, (max-width: 625px) 100vw, 625px\" \/><\/a><\/p>\n","protected":false},"excerpt":{"rendered":"<p>Els nens i nenes de primer i segon del Cicle Inicial han gaudit d&#8217;un internivell molt especial per celebrar la diada de Sant Jordi. Hem realitzat quatre activitats relacionades amb la llegenda que ens han perm\u00e8s viure i compartir aquesta tradici\u00f3 d&#8217;una manera divertida i&hellip;  <a href=\"https:\/\/agora.xtec.cat\/ceip-jruyra-l-h\/primaria\/internivell-de-sant-jordi-al-cicle-inicial\/\" title=\"Read Internivell de Sant Jordi al Cicle Inicial\">Llegeix m\u00e9s\u00bb<\/a><\/p>\n","protected":false},"author":72,"featured_media":16730,"comment_status":"open","ping_status":"closed","sticky":false,"template":"","format":"standard","meta":{"_bbp_topic_count":0,"_bbp_reply_count":0,"_bbp_total_topic_count":0,"_bbp_total_reply_count":0,"_bbp_voice_count":0,"_bbp_anonymous_reply_count":0,"_bbp_topic_count_hidden":0,"_bbp_reply_count_hidden":0,"_bbp_forum_subforum_count":0,"footnotes":""},"categories":[10,11,5],"tags":[],"class_list":["post-16729","post","type-post","status-publish","format-standard","has-post-thumbnail","hentry","category-1r","category-2n","category-primaria"],"post_mailing_queue_ids":[],"_links":{"self":[{"href":"https:\/\/agora.xtec.cat\/ceip-jruyra-l-h\/wp-json\/wp\/v2\/posts\/16729","targetHints":{"allow":["GET"]}}],"collection":[{"href":"https:\/\/agora.xtec.cat\/ceip-jruyra-l-h\/wp-json\/wp\/v2\/posts"}],"about":[{"href":"https:\/\/agora.xtec.cat\/ceip-jruyra-l-h\/wp-json\/wp\/v2\/types\/post"}],"author":[{"embeddable":true,"href":"https:\/\/agora.xtec.cat\/ceip-jruyra-l-h\/wp-json\/wp\/v2\/users\/72"}],"replies":[{"embeddable":true,"href":"https:\/\/agora.xtec.cat\/ceip-jruyra-l-h\/wp-json\/wp\/v2\/comments?post=16729"}],"version-history":[{"count":3,"href":"https:\/\/agora.xtec.cat\/ceip-jruyra-l-h\/wp-json\/wp\/v2\/posts\/16729\/revisions"}],"predecessor-version":[{"id":16744,"href":"https:\/\/agora.xtec.cat\/ceip-jruyra-l-h\/wp-json\/wp\/v2\/posts\/16729\/revisions\/16744"}],"wp:featuredmedia":[{"embeddable":true,"href":"https:\/\/agora.xtec.cat\/ceip-jruyra-l-h\/wp-json\/wp\/v2\/media\/16730"}],"wp:attachment":[{"href":"https:\/\/agora.xtec.cat\/ceip-jruyra-l-h\/wp-json\/wp\/v2\/media?parent=16729"}],"wp:term":[{"taxonomy":"category","embeddable":true,"href":"https:\/\/agora.xtec.cat\/ceip-jruyra-l-h\/wp-json\/wp\/v2\/categories?post=16729"},{"taxonomy":"post_tag","embeddable":true,"href":"https:\/\/agora.xtec.cat\/ceip-jruyra-l-h\/wp-json\/wp\/v2\/tags?post=16729"}],"curies":[{"name":"wp","href":"https:\/\/api.w.org\/{rel}","templated":true}]}}