{"id":16727,"date":"2025-05-03T17:11:54","date_gmt":"2025-05-03T15:11:54","guid":{"rendered":"https:\/\/agora.xtec.cat\/ceip-jruyra-l-h\/?p=16727"},"modified":"2025-04-29T17:13:30","modified_gmt":"2025-04-29T15:13:30","slug":"excursio-a-la-granja-natura","status":"publish","type":"post","link":"https:\/\/agora.xtec.cat\/ceip-jruyra-l-h\/primaria\/excursio-a-la-granja-natura\/","title":{"rendered":"Excursi\u00f3 a la Granja Natura"},"content":{"rendered":"<p><span style=\"font-weight: 400;\">El passat 11 d\u00b4abril, vam fer una sortida molt especial a una granja de natura situada a Nav\u00e0s. Aquesta granja \u00e9s un espai \u00fanic que ens permet connectar de manera directa amb la natura, tal com indica el seu lema: &#8220;El contacte directe amb la natura&#8221;.<\/span><\/p>\n<p><span style=\"font-weight: 400;\">Un cop all\u00e0, vam poder visitar diferents zones amb animals de granja com ovelles, cabres i gallines, per\u00f2 tamb\u00e9 vam descobrir diferents r\u00e8ptils, aus rapinyaires i fins i tot animals ex\u00f2tics.<\/span><\/p>\n<p><span style=\"font-weight: 400;\">Una de les activitats m\u00e9s emocionants va ser el \u201ctoca-toca\u201d, on vam tenir l\u2019oportunitat de tocar i observar de prop animals com serps, llangardaixos&#8230;\u00a0<\/span><span style=\"font-weight: 400;\">Aquesta excursi\u00f3 ens va oferir una viv\u00e8ncia \u00fanica, plena d\u2019aprenentatges sobre la biodiversitat i la import\u00e0ncia de cuidar el nostre entorn. Sense cap dubte, va ser una jornada que ens va apropar intensament a la natura i que recordarem amb molta il\u00b7lusi\u00f3.<\/span><\/p>\n<p>Aqu\u00ed us deixem un enlla\u00e7 amb diverses <a href=\"https:\/\/drive.google.com\/drive\/folders\/1fTDpwDKy8TYVof1lOAYegJ2NFBwfiLXk\">fotografies i v\u00eddeos.\u00a0<\/a><\/p>\n","protected":false},"excerpt":{"rendered":"<p>El passat 11 d\u00b4abril, vam fer una sortida molt especial a una granja de natura situada a Nav\u00e0s. Aquesta granja \u00e9s un espai \u00fanic que ens permet connectar de manera directa amb la natura, tal com indica el seu lema: &#8220;El contacte directe amb la&hellip;  <a href=\"https:\/\/agora.xtec.cat\/ceip-jruyra-l-h\/primaria\/excursio-a-la-granja-natura\/\" title=\"Read Excursi\u00f3 a la Granja Natura\">Llegeix m\u00e9s\u00bb<\/a><\/p>\n","protected":false},"author":72,"featured_media":16746,"comment_status":"open","ping_status":"closed","sticky":false,"template":"","format":"standard","meta":{"_bbp_topic_count":0,"_bbp_reply_count":0,"_bbp_total_topic_count":0,"_bbp_total_reply_count":0,"_bbp_voice_count":0,"_bbp_anonymous_reply_count":0,"_bbp_topic_count_hidden":0,"_bbp_reply_count_hidden":0,"_bbp_forum_subforum_count":0,"footnotes":""},"categories":[10,11,5],"tags":[],"class_list":["post-16727","post","type-post","status-publish","format-standard","has-post-thumbnail","hentry","category-1r","category-2n","category-primaria"],"post_mailing_queue_ids":[],"_links":{"self":[{"href":"https:\/\/agora.xtec.cat\/ceip-jruyra-l-h\/wp-json\/wp\/v2\/posts\/16727","targetHints":{"allow":["GET"]}}],"collection":[{"href":"https:\/\/agora.xtec.cat\/ceip-jruyra-l-h\/wp-json\/wp\/v2\/posts"}],"about":[{"href":"https:\/\/agora.xtec.cat\/ceip-jruyra-l-h\/wp-json\/wp\/v2\/types\/post"}],"author":[{"embeddable":true,"href":"https:\/\/agora.xtec.cat\/ceip-jruyra-l-h\/wp-json\/wp\/v2\/users\/72"}],"replies":[{"embeddable":true,"href":"https:\/\/agora.xtec.cat\/ceip-jruyra-l-h\/wp-json\/wp\/v2\/comments?post=16727"}],"version-history":[{"count":2,"href":"https:\/\/agora.xtec.cat\/ceip-jruyra-l-h\/wp-json\/wp\/v2\/posts\/16727\/revisions"}],"predecessor-version":[{"id":16747,"href":"https:\/\/agora.xtec.cat\/ceip-jruyra-l-h\/wp-json\/wp\/v2\/posts\/16727\/revisions\/16747"}],"wp:featuredmedia":[{"embeddable":true,"href":"https:\/\/agora.xtec.cat\/ceip-jruyra-l-h\/wp-json\/wp\/v2\/media\/16746"}],"wp:attachment":[{"href":"https:\/\/agora.xtec.cat\/ceip-jruyra-l-h\/wp-json\/wp\/v2\/media?parent=16727"}],"wp:term":[{"taxonomy":"category","embeddable":true,"href":"https:\/\/agora.xtec.cat\/ceip-jruyra-l-h\/wp-json\/wp\/v2\/categories?post=16727"},{"taxonomy":"post_tag","embeddable":true,"href":"https:\/\/agora.xtec.cat\/ceip-jruyra-l-h\/wp-json\/wp\/v2\/tags?post=16727"}],"curies":[{"name":"wp","href":"https:\/\/api.w.org\/{rel}","templated":true}]}}