{"id":16709,"date":"2025-04-16T20:09:37","date_gmt":"2025-04-16T18:09:37","guid":{"rendered":"https:\/\/agora.xtec.cat\/ceip-jruyra-l-h\/?p=16709"},"modified":"2025-04-14T20:09:47","modified_gmt":"2025-04-14T18:09:47","slug":"i3b-els-dolcos-i-les-dolces-sortida-a-la-granja","status":"publish","type":"post","link":"https:\/\/agora.xtec.cat\/ceip-jruyra-l-h\/infantil\/i3\/i3b-els-dolcos-i-les-dolces-sortida-a-la-granja\/","title":{"rendered":"i3b- Els dol\u00e7os i les dolces- Sortida a la granja"},"content":{"rendered":"<p>Estimades fam\u00edlies!<\/p>\n<p>Fa uns dies vam fer la nostra primera sortida escolar i ens ho vam passar molt i molt b\u00e9! Al principi hi havia uns quants de nosatres que se&#8217;ns va fer una mica extrany, per\u00f2 quan vam pujar el bus i la J\u00falia va estar amb nosaltres durant el viatge i ens va distreure amb can\u00e7ons de seguida se&#8217;ns va fer m\u00e9s f\u00e0cil. Un cop vam arribar a la granja, encara ens vam animar m\u00e9s! A all\u00e0, vam fer diferents activitats:<\/p>\n<p>Primer vam arribar i vam esmorzar tots junts i juntes:\u00a0<a href=\"https:\/\/drive.google.com\/drive\/folders\/1ZDC05IaGNYOAnwDLY39XYoX9MOZSWuqd?usp=drive_link\">https:\/\/drive.google.com\/drive\/folders\/1ZDC05IaGNYOAnwDLY39XYoX9MOZSWuqd?usp=drive_link<\/a><\/p>\n<p>Despr\u00e8s vam fer una activitat on ens van explicar qu\u00e8 era un poni i com era i tamb\u00e9 el vam pentinar<a href=\"https:\/\/drive.google.com\/drive\/folders\/1wQ56_PeF58AJtUm0urX8dNoM_c4ZjhTP?usp=drive_link\">https:\/\/drive.google.com\/drive\/folders\/1wQ56_PeF58AJtUm0urX8dNoM_c4ZjhTP?usp=drive_link<\/a><\/p>\n<p>Seguidament, vam fer una visita a la granja on vam poder veure, tocar i donar de menjar a diferents animals <a href=\"https:\/\/drive.google.com\/drive\/folders\/1gwVpYWf1b-kOvA03bcZQIHup0SKQ7i0M?usp=drive_link\">https:\/\/drive.google.com\/drive\/folders\/1gwVpYWf1b-kOvA03bcZQIHup0SKQ7i0M?usp=drive_link<\/a><\/p>\n<p>En acabar, vam dinar i despr\u00e9s vam estar jugant molt i molt! Vam arribar a l&#8217;escola i vam dir que ens ho vam passar molt i molt b\u00e9!\u00a0<a href=\"https:\/\/drive.google.com\/drive\/folders\/1WJpWftk3ry5CbwdlcdJPGqtGD04qyaqC?usp=drive_link\">https:\/\/drive.google.com\/drive\/folders\/1WJpWftk3ry5CbwdlcdJPGqtGD04qyaqC?usp=drive_link<\/a><\/p>\n","protected":false},"excerpt":{"rendered":"<p>Estimades fam\u00edlies!<br \/>\nFa uns dies vam fer la nostra primera sortida escolar i ens ho vam passar molt i molt b\u00e9! Al principi hi havia uns quants de nosatres que se&#8217;ns va fer una mica extrany, per\u00f2 quan vam pujar el bus i la J\u00falia va&hellip;  <a href=\"https:\/\/agora.xtec.cat\/ceip-jruyra-l-h\/infantil\/i3\/i3b-els-dolcos-i-les-dolces-sortida-a-la-granja\/\" title=\"Read i3b- Els dol\u00e7os i les dolces- Sortida a la granja\">Llegeix m\u00e9s\u00bb<\/a><\/p>\n","protected":false},"author":1,"featured_media":15619,"comment_status":"open","ping_status":"closed","sticky":false,"template":"","format":"standard","meta":{"_bbp_topic_count":0,"_bbp_reply_count":0,"_bbp_total_topic_count":0,"_bbp_total_reply_count":0,"_bbp_voice_count":0,"_bbp_anonymous_reply_count":0,"_bbp_topic_count_hidden":0,"_bbp_reply_count_hidden":0,"_bbp_forum_subforum_count":0,"footnotes":""},"categories":[3],"tags":[],"class_list":["post-16709","post","type-post","status-publish","format-standard","has-post-thumbnail","hentry","category-i3"],"post_mailing_queue_ids":[],"_links":{"self":[{"href":"https:\/\/agora.xtec.cat\/ceip-jruyra-l-h\/wp-json\/wp\/v2\/posts\/16709","targetHints":{"allow":["GET"]}}],"collection":[{"href":"https:\/\/agora.xtec.cat\/ceip-jruyra-l-h\/wp-json\/wp\/v2\/posts"}],"about":[{"href":"https:\/\/agora.xtec.cat\/ceip-jruyra-l-h\/wp-json\/wp\/v2\/types\/post"}],"author":[{"embeddable":true,"href":"https:\/\/agora.xtec.cat\/ceip-jruyra-l-h\/wp-json\/wp\/v2\/users\/1"}],"replies":[{"embeddable":true,"href":"https:\/\/agora.xtec.cat\/ceip-jruyra-l-h\/wp-json\/wp\/v2\/comments?post=16709"}],"version-history":[{"count":1,"href":"https:\/\/agora.xtec.cat\/ceip-jruyra-l-h\/wp-json\/wp\/v2\/posts\/16709\/revisions"}],"predecessor-version":[{"id":16710,"href":"https:\/\/agora.xtec.cat\/ceip-jruyra-l-h\/wp-json\/wp\/v2\/posts\/16709\/revisions\/16710"}],"wp:featuredmedia":[{"embeddable":true,"href":"https:\/\/agora.xtec.cat\/ceip-jruyra-l-h\/wp-json\/wp\/v2\/media\/15619"}],"wp:attachment":[{"href":"https:\/\/agora.xtec.cat\/ceip-jruyra-l-h\/wp-json\/wp\/v2\/media?parent=16709"}],"wp:term":[{"taxonomy":"category","embeddable":true,"href":"https:\/\/agora.xtec.cat\/ceip-jruyra-l-h\/wp-json\/wp\/v2\/categories?post=16709"},{"taxonomy":"post_tag","embeddable":true,"href":"https:\/\/agora.xtec.cat\/ceip-jruyra-l-h\/wp-json\/wp\/v2\/tags?post=16709"}],"curies":[{"name":"wp","href":"https:\/\/api.w.org\/{rel}","templated":true}]}}