{"id":16705,"date":"2025-04-14T20:06:36","date_gmt":"2025-04-14T18:06:36","guid":{"rendered":"https:\/\/agora.xtec.cat\/ceip-jruyra-l-h\/?p=16705"},"modified":"2025-04-14T20:06:36","modified_gmt":"2025-04-14T18:06:36","slug":"i3b-els-dolcos-i-les-dolces-mona-de-pasqua","status":"publish","type":"post","link":"https:\/\/agora.xtec.cat\/ceip-jruyra-l-h\/infantil\/i3\/i3b-els-dolcos-i-les-dolces-mona-de-pasqua\/","title":{"rendered":"i3b- Els dol\u00e7os i les dolces- Mona de pasqua"},"content":{"rendered":"<p>Estimades fam\u00edlies!<\/p>\n<p>Com ja sabeu la Vella quaresma ens va portar ingredients per a fer la mona i el divendres 11\/4 la vam fer! La J\u00falia no va poder ser-hi, per\u00f3 n&#8217;hi vam guardar un tros! Ens va agradar molt fer la mona i ho vam fer molt b\u00e9! La Lara, mestra de l&#8217;escola, ens va acompanyar en aquest proc\u00e8s i ens va agradar compartir-ho amb ella! Primer vam fer entre tots la mona i despr\u00e9s ens la vam menjar! Era bon\u00edssima! Voleu veure com va anar? Mireu!<\/p>\n<p><a href=\"https:\/\/drive.google.com\/drive\/folders\/1FExgs2BmltDRQ8GOufR4MfhzJOdq_4D4?usp=drive_link\">https:\/\/drive.google.com\/drive\/folders\/1FExgs2BmltDRQ8GOufR4MfhzJOdq_4D4?usp=drive_link<\/a><\/p>\n","protected":false},"excerpt":{"rendered":"<p>Estimades fam\u00edlies!<br \/>\nCom ja sabeu la Vella quaresma ens va portar ingredients per a fer la mona i el divendres 11\/4 la vam fer! La J\u00falia no va poder ser-hi, per\u00f3 n&#8217;hi vam guardar un tros! Ens va agradar molt fer la mona i ho vam&hellip;  <a href=\"https:\/\/agora.xtec.cat\/ceip-jruyra-l-h\/infantil\/i3\/i3b-els-dolcos-i-les-dolces-mona-de-pasqua\/\" title=\"Read i3b- Els dol\u00e7os i les dolces- Mona de pasqua\">Llegeix m\u00e9s\u00bb<\/a><\/p>\n","protected":false},"author":1,"featured_media":16695,"comment_status":"open","ping_status":"closed","sticky":false,"template":"","format":"standard","meta":{"_bbp_topic_count":0,"_bbp_reply_count":0,"_bbp_total_topic_count":0,"_bbp_total_reply_count":0,"_bbp_voice_count":0,"_bbp_anonymous_reply_count":0,"_bbp_topic_count_hidden":0,"_bbp_reply_count_hidden":0,"_bbp_forum_subforum_count":0,"footnotes":""},"categories":[3],"tags":[],"class_list":["post-16705","post","type-post","status-publish","format-standard","has-post-thumbnail","hentry","category-i3"],"post_mailing_queue_ids":[],"_links":{"self":[{"href":"https:\/\/agora.xtec.cat\/ceip-jruyra-l-h\/wp-json\/wp\/v2\/posts\/16705","targetHints":{"allow":["GET"]}}],"collection":[{"href":"https:\/\/agora.xtec.cat\/ceip-jruyra-l-h\/wp-json\/wp\/v2\/posts"}],"about":[{"href":"https:\/\/agora.xtec.cat\/ceip-jruyra-l-h\/wp-json\/wp\/v2\/types\/post"}],"author":[{"embeddable":true,"href":"https:\/\/agora.xtec.cat\/ceip-jruyra-l-h\/wp-json\/wp\/v2\/users\/1"}],"replies":[{"embeddable":true,"href":"https:\/\/agora.xtec.cat\/ceip-jruyra-l-h\/wp-json\/wp\/v2\/comments?post=16705"}],"version-history":[{"count":2,"href":"https:\/\/agora.xtec.cat\/ceip-jruyra-l-h\/wp-json\/wp\/v2\/posts\/16705\/revisions"}],"predecessor-version":[{"id":16712,"href":"https:\/\/agora.xtec.cat\/ceip-jruyra-l-h\/wp-json\/wp\/v2\/posts\/16705\/revisions\/16712"}],"wp:featuredmedia":[{"embeddable":true,"href":"https:\/\/agora.xtec.cat\/ceip-jruyra-l-h\/wp-json\/wp\/v2\/media\/16695"}],"wp:attachment":[{"href":"https:\/\/agora.xtec.cat\/ceip-jruyra-l-h\/wp-json\/wp\/v2\/media?parent=16705"}],"wp:term":[{"taxonomy":"category","embeddable":true,"href":"https:\/\/agora.xtec.cat\/ceip-jruyra-l-h\/wp-json\/wp\/v2\/categories?post=16705"},{"taxonomy":"post_tag","embeddable":true,"href":"https:\/\/agora.xtec.cat\/ceip-jruyra-l-h\/wp-json\/wp\/v2\/tags?post=16705"}],"curies":[{"name":"wp","href":"https:\/\/api.w.org\/{rel}","templated":true}]}}