{"id":16521,"date":"2025-03-27T11:18:24","date_gmt":"2025-03-27T10:18:24","guid":{"rendered":"https:\/\/agora.xtec.cat\/ceip-jruyra-l-h\/?p=16521"},"modified":"2025-03-26T11:18:52","modified_gmt":"2025-03-26T10:18:52","slug":"tertulies-artistiques","status":"publish","type":"post","link":"https:\/\/agora.xtec.cat\/ceip-jruyra-l-h\/infantil\/i4\/tertulies-artistiques\/","title":{"rendered":"Tert\u00falies art\u00edstiques"},"content":{"rendered":"<p>Bona tarda fam\u00edlies, aquesta setmana hem estat treballant l&#8217;obra d&#8217;art &#8220;El hijo del hombre&#8221; de l&#8217;artista Ren\u00e9 Magritte, pintor surrealista conegut per les seves obres misterioses i enigm\u00e0tiques. Els nens i nenes de la classe dels Soldadets de Plom han observat amb molta curiositat aquesta obra on han pogut veure un home amb un barret negre que s&#8217;amaga darrera d&#8217;una poma verda. Hem tingut diferents convereses sobre el significat d&#8217;aquesta pintura i ens hem fet moltes preguntes. Per exemple, per qu\u00e8 aquest home porta la cara tapada, si pot veure el que l&#8217;envolta, si es sent trist o content&#8230; i moltes m\u00e9s. Totes aquestes preguntes han tingut un munt de respostes i interpretacions diferents per parts dels vostres fills i filles i ens ha servit per parlar de les diferents emocions que cadasc\u00fa ha interpretat veient la pintura. Finalment hem fet una activitat pl\u00e0stica on cadasc\u00fa d&#8217;ells ha donat vida a aquesta pintura. Aqu\u00ed us deixo les fotos.<\/p>\n<p>https:\/\/drive.google.com\/drive\/folders\/1-R690SPWDBfxy2qGtlUc2hEQPo6RE2nY<\/p>\n","protected":false},"excerpt":{"rendered":"<p>Bona tarda fam\u00edlies, aquesta setmana hem estat treballant l&#8217;obra d&#8217;art &#8220;El hijo del hombre&#8221; de l&#8217;artista Ren\u00e9 Magritte, pintor surrealista conegut per les seves obres misterioses i enigm\u00e0tiques. Els nens i nenes de la classe dels Soldadets de Plom han observat amb molta curiositat aquesta&hellip;  <a href=\"https:\/\/agora.xtec.cat\/ceip-jruyra-l-h\/infantil\/i4\/tertulies-artistiques\/\" title=\"Read Tert\u00falies art\u00edstiques\">Llegeix m\u00e9s\u00bb<\/a><\/p>\n","protected":false},"author":73,"featured_media":16522,"comment_status":"open","ping_status":"closed","sticky":false,"template":"","format":"standard","meta":{"_bbp_topic_count":0,"_bbp_reply_count":0,"_bbp_total_topic_count":0,"_bbp_total_reply_count":0,"_bbp_voice_count":0,"_bbp_anonymous_reply_count":0,"_bbp_topic_count_hidden":0,"_bbp_reply_count_hidden":0,"_bbp_forum_subforum_count":0,"footnotes":""},"categories":[60,8],"tags":[71,63],"class_list":["post-16521","post","type-post","status-publish","format-standard","has-post-thumbnail","hentry","category-cdaxarxa","category-i4","tag-actuacions-educatives-dexit","tag-tertulies-dialogiques"],"post_mailing_queue_ids":[],"_links":{"self":[{"href":"https:\/\/agora.xtec.cat\/ceip-jruyra-l-h\/wp-json\/wp\/v2\/posts\/16521","targetHints":{"allow":["GET"]}}],"collection":[{"href":"https:\/\/agora.xtec.cat\/ceip-jruyra-l-h\/wp-json\/wp\/v2\/posts"}],"about":[{"href":"https:\/\/agora.xtec.cat\/ceip-jruyra-l-h\/wp-json\/wp\/v2\/types\/post"}],"author":[{"embeddable":true,"href":"https:\/\/agora.xtec.cat\/ceip-jruyra-l-h\/wp-json\/wp\/v2\/users\/73"}],"replies":[{"embeddable":true,"href":"https:\/\/agora.xtec.cat\/ceip-jruyra-l-h\/wp-json\/wp\/v2\/comments?post=16521"}],"version-history":[{"count":1,"href":"https:\/\/agora.xtec.cat\/ceip-jruyra-l-h\/wp-json\/wp\/v2\/posts\/16521\/revisions"}],"predecessor-version":[{"id":16523,"href":"https:\/\/agora.xtec.cat\/ceip-jruyra-l-h\/wp-json\/wp\/v2\/posts\/16521\/revisions\/16523"}],"wp:featuredmedia":[{"embeddable":true,"href":"https:\/\/agora.xtec.cat\/ceip-jruyra-l-h\/wp-json\/wp\/v2\/media\/16522"}],"wp:attachment":[{"href":"https:\/\/agora.xtec.cat\/ceip-jruyra-l-h\/wp-json\/wp\/v2\/media?parent=16521"}],"wp:term":[{"taxonomy":"category","embeddable":true,"href":"https:\/\/agora.xtec.cat\/ceip-jruyra-l-h\/wp-json\/wp\/v2\/categories?post=16521"},{"taxonomy":"post_tag","embeddable":true,"href":"https:\/\/agora.xtec.cat\/ceip-jruyra-l-h\/wp-json\/wp\/v2\/tags?post=16521"}],"curies":[{"name":"wp","href":"https:\/\/api.w.org\/{rel}","templated":true}]}}