{"id":16517,"date":"2025-03-20T17:16:00","date_gmt":"2025-03-20T16:16:00","guid":{"rendered":"https:\/\/agora.xtec.cat\/ceip-jruyra-l-h\/?p=16517"},"modified":"2025-03-20T17:16:00","modified_gmt":"2025-03-20T16:16:00","slug":"vella-quaresma","status":"publish","type":"post","link":"https:\/\/agora.xtec.cat\/ceip-jruyra-l-h\/infantil\/i4\/vella-quaresma\/","title":{"rendered":"Vella Quaresma"},"content":{"rendered":"<p>Bona tarda fam\u00edlies, com ja sabeu la Vella Quaresma ens visita cada dijous i ens porta algun regalet ben dol\u00e7. Ja nom\u00e9s li queden 4 cames!! Aqu\u00ed us deixo les fotos d&#8217;aquestes dues setmanes<\/p>\n<p>https:\/\/drive.google.com\/drive\/folders\/1-5lVgUmGsNswaWnZxt-VCDsqWVg4qlpM<\/p>\n<p>https:\/\/drive.google.com\/drive\/folders\/1-FhWUdp1Iaa_vElx__HgOxZnQCoHOYi8<\/p>\n","protected":false},"excerpt":{"rendered":"<p>Bona tarda fam\u00edlies, com ja sabeu la Vella Quaresma ens visita cada dijous i ens porta algun regalet ben dol\u00e7. Ja nom\u00e9s li queden 4 cames!! Aqu\u00ed us deixo les fotos d&#8217;aquestes dues setmanes<br \/>\nhttps:\/\/drive.google.com\/drive\/folders\/1-5lVgUmGsNswaWnZxt-VCDsqWVg4qlpM<br \/>\nhttps:\/\/drive.google.com\/drive\/folders\/1-FhWUdp1Iaa_vElx__HgOxZnQCoHOYi8<\/p>\n","protected":false},"author":73,"featured_media":16495,"comment_status":"open","ping_status":"closed","sticky":false,"template":"","format":"standard","meta":{"_bbp_topic_count":0,"_bbp_reply_count":0,"_bbp_total_topic_count":0,"_bbp_total_reply_count":0,"_bbp_voice_count":0,"_bbp_anonymous_reply_count":0,"_bbp_topic_count_hidden":0,"_bbp_reply_count_hidden":0,"_bbp_forum_subforum_count":0,"footnotes":""},"categories":[8],"tags":[],"class_list":["post-16517","post","type-post","status-publish","format-standard","has-post-thumbnail","hentry","category-i4"],"post_mailing_queue_ids":[],"_links":{"self":[{"href":"https:\/\/agora.xtec.cat\/ceip-jruyra-l-h\/wp-json\/wp\/v2\/posts\/16517","targetHints":{"allow":["GET"]}}],"collection":[{"href":"https:\/\/agora.xtec.cat\/ceip-jruyra-l-h\/wp-json\/wp\/v2\/posts"}],"about":[{"href":"https:\/\/agora.xtec.cat\/ceip-jruyra-l-h\/wp-json\/wp\/v2\/types\/post"}],"author":[{"embeddable":true,"href":"https:\/\/agora.xtec.cat\/ceip-jruyra-l-h\/wp-json\/wp\/v2\/users\/73"}],"replies":[{"embeddable":true,"href":"https:\/\/agora.xtec.cat\/ceip-jruyra-l-h\/wp-json\/wp\/v2\/comments?post=16517"}],"version-history":[{"count":1,"href":"https:\/\/agora.xtec.cat\/ceip-jruyra-l-h\/wp-json\/wp\/v2\/posts\/16517\/revisions"}],"predecessor-version":[{"id":16518,"href":"https:\/\/agora.xtec.cat\/ceip-jruyra-l-h\/wp-json\/wp\/v2\/posts\/16517\/revisions\/16518"}],"wp:featuredmedia":[{"embeddable":true,"href":"https:\/\/agora.xtec.cat\/ceip-jruyra-l-h\/wp-json\/wp\/v2\/media\/16495"}],"wp:attachment":[{"href":"https:\/\/agora.xtec.cat\/ceip-jruyra-l-h\/wp-json\/wp\/v2\/media?parent=16517"}],"wp:term":[{"taxonomy":"category","embeddable":true,"href":"https:\/\/agora.xtec.cat\/ceip-jruyra-l-h\/wp-json\/wp\/v2\/categories?post=16517"},{"taxonomy":"post_tag","embeddable":true,"href":"https:\/\/agora.xtec.cat\/ceip-jruyra-l-h\/wp-json\/wp\/v2\/tags?post=16517"}],"curies":[{"name":"wp","href":"https:\/\/api.w.org\/{rel}","templated":true}]}}