{"id":16468,"date":"2025-03-08T18:09:11","date_gmt":"2025-03-08T17:09:11","guid":{"rendered":"https:\/\/agora.xtec.cat\/ceip-jruyra-l-h\/?p=16468"},"modified":"2025-03-08T18:09:11","modified_gmt":"2025-03-08T17:09:11","slug":"i3b-els-dolcos-i-les-dolces-carnaval-2025","status":"publish","type":"post","link":"https:\/\/agora.xtec.cat\/ceip-jruyra-l-h\/infantil\/i3\/i3b-els-dolcos-i-les-dolces-carnaval-2025\/","title":{"rendered":"I3b- Els dol\u00e7os i les dolces-carnaval 2025"},"content":{"rendered":"<p>Hola fam\u00edlies!<\/p>\n<p>Com ja sabeu, ja hem fet el nostre primer carnaval a l&#8217;escola de Joaquim Ruyra on hi passarem molts anys i aprendrem moltes coses i passarem junts moltes viv\u00e8ncies! Una de les viv\u00e8ncies que m\u00e9s ens ha agradat, ha esatat el nostre primer carnaval! ens va agradar molt! Mireu el resultat! Gr\u00e0cies a totes les fam\u00edlies que vau poder venir a veure la rua!<a href=\"https:\/\/drive.google.com\/drive\/folders\/1kBwoI30EUP0Ww4HhsaNTKORy9oO7G0CM?usp=drive_link\">https:\/\/drive.google.com\/drive\/folders\/1kBwoI30EUP0Ww4HhsaNTKORy9oO7G0CM?usp=drive_link<\/a><\/p>\n","protected":false},"excerpt":{"rendered":"<p>Hola fam\u00edlies!<br \/>\nCom ja sabeu, ja hem fet el nostre primer carnaval a l&#8217;escola de Joaquim Ruyra on hi passarem molts anys i aprendrem moltes coses i passarem junts moltes viv\u00e8ncies! Una de les viv\u00e8ncies que m\u00e9s ens ha agradat, ha esatat el nostre primer carnaval!&hellip;  <a href=\"https:\/\/agora.xtec.cat\/ceip-jruyra-l-h\/infantil\/i3\/i3b-els-dolcos-i-les-dolces-carnaval-2025\/\" title=\"Read I3b- Els dol\u00e7os i les dolces-carnaval 2025\">Llegeix m\u00e9s\u00bb<\/a><\/p>\n","protected":false},"author":1,"featured_media":16412,"comment_status":"open","ping_status":"closed","sticky":false,"template":"","format":"standard","meta":{"_bbp_topic_count":0,"_bbp_reply_count":0,"_bbp_total_topic_count":0,"_bbp_total_reply_count":0,"_bbp_voice_count":0,"_bbp_anonymous_reply_count":0,"_bbp_topic_count_hidden":0,"_bbp_reply_count_hidden":0,"_bbp_forum_subforum_count":0,"footnotes":""},"categories":[3],"tags":[],"class_list":["post-16468","post","type-post","status-publish","format-standard","has-post-thumbnail","hentry","category-i3"],"post_mailing_queue_ids":[],"_links":{"self":[{"href":"https:\/\/agora.xtec.cat\/ceip-jruyra-l-h\/wp-json\/wp\/v2\/posts\/16468","targetHints":{"allow":["GET"]}}],"collection":[{"href":"https:\/\/agora.xtec.cat\/ceip-jruyra-l-h\/wp-json\/wp\/v2\/posts"}],"about":[{"href":"https:\/\/agora.xtec.cat\/ceip-jruyra-l-h\/wp-json\/wp\/v2\/types\/post"}],"author":[{"embeddable":true,"href":"https:\/\/agora.xtec.cat\/ceip-jruyra-l-h\/wp-json\/wp\/v2\/users\/1"}],"replies":[{"embeddable":true,"href":"https:\/\/agora.xtec.cat\/ceip-jruyra-l-h\/wp-json\/wp\/v2\/comments?post=16468"}],"version-history":[{"count":1,"href":"https:\/\/agora.xtec.cat\/ceip-jruyra-l-h\/wp-json\/wp\/v2\/posts\/16468\/revisions"}],"predecessor-version":[{"id":16469,"href":"https:\/\/agora.xtec.cat\/ceip-jruyra-l-h\/wp-json\/wp\/v2\/posts\/16468\/revisions\/16469"}],"wp:featuredmedia":[{"embeddable":true,"href":"https:\/\/agora.xtec.cat\/ceip-jruyra-l-h\/wp-json\/wp\/v2\/media\/16412"}],"wp:attachment":[{"href":"https:\/\/agora.xtec.cat\/ceip-jruyra-l-h\/wp-json\/wp\/v2\/media?parent=16468"}],"wp:term":[{"taxonomy":"category","embeddable":true,"href":"https:\/\/agora.xtec.cat\/ceip-jruyra-l-h\/wp-json\/wp\/v2\/categories?post=16468"},{"taxonomy":"post_tag","embeddable":true,"href":"https:\/\/agora.xtec.cat\/ceip-jruyra-l-h\/wp-json\/wp\/v2\/tags?post=16468"}],"curies":[{"name":"wp","href":"https:\/\/api.w.org\/{rel}","templated":true}]}}