{"id":16458,"date":"2025-03-08T18:04:59","date_gmt":"2025-03-08T17:04:59","guid":{"rendered":"https:\/\/agora.xtec.cat\/ceip-jruyra-l-h\/?p=16458"},"modified":"2025-03-08T18:04:59","modified_gmt":"2025-03-08T17:04:59","slug":"i5a-els-musics-de-bremen-carnaval","status":"publish","type":"post","link":"https:\/\/agora.xtec.cat\/ceip-jruyra-l-h\/infantil\/i5\/i5a-els-musics-de-bremen-carnaval\/","title":{"rendered":"I5A: Els m\u00fasics de Bremen- Carnaval"},"content":{"rendered":"<p>Hola fam\u00edlies!<\/p>\n<p>\u201cA setze, a setze, a setze el pa, el pobre carnestoltes acaba d\u2019arribar&#8230;\u201d S\u00ed! Aix\u00ed \u00e9s! Una setmana de disbauxa, del m\u00f3n girat, de les m\u00e9s grans i divertides poca soltades. Aix\u00ed \u00e9s el Carnaval, aix\u00ed ens convida a ser el Rei Carnestoltes i els M\u00fasics de Bremen, que som molt aplicats, no dubtem en seguir totes les seves esbojarrades consignes.<\/p>\n<p>Voleu veure tota la recopilaci\u00f3 d\u2019aquesta setmana de transformacions i festa continuada? Doncs a continuaci\u00f3 teniu l\u2019enlla\u00e7 a totes les fotografies. A gaudir del Carnaval!!!!<\/p>\n<p><a href=\"https:\/\/drive.google.com\/drive\/folders\/1GEZPhlgOh1RX4qmAjjUtOUGcHwNwondZ?usp=sharing\">https:\/\/drive.google.com\/drive\/folders\/1GEZPhlgOh1RX4qmAjjUtOUGcHwNwondZ?usp=sharing<\/a><\/p>\n","protected":false},"excerpt":{"rendered":"<p>Hola fam\u00edlies!<br \/>\n\u201cA setze, a setze, a setze el pa, el pobre carnestoltes acaba d\u2019arribar&#8230;\u201d S\u00ed! Aix\u00ed \u00e9s! Una setmana de disbauxa, del m\u00f3n girat, de les m\u00e9s grans i divertides poca soltades. Aix\u00ed \u00e9s el Carnaval, aix\u00ed ens convida a ser el Rei Carnestoltes i&hellip;  <a href=\"https:\/\/agora.xtec.cat\/ceip-jruyra-l-h\/infantil\/i5\/i5a-els-musics-de-bremen-carnaval\/\" title=\"Read I5A: Els m\u00fasics de Bremen- Carnaval\">Llegeix m\u00e9s\u00bb<\/a><\/p>\n","protected":false},"author":19,"featured_media":16459,"comment_status":"open","ping_status":"closed","sticky":false,"template":"","format":"standard","meta":{"_bbp_topic_count":0,"_bbp_reply_count":0,"_bbp_total_topic_count":0,"_bbp_total_reply_count":0,"_bbp_voice_count":0,"_bbp_anonymous_reply_count":0,"_bbp_topic_count_hidden":0,"_bbp_reply_count_hidden":0,"_bbp_forum_subforum_count":0,"footnotes":""},"categories":[9],"tags":[],"class_list":["post-16458","post","type-post","status-publish","format-standard","has-post-thumbnail","hentry","category-i5"],"post_mailing_queue_ids":[],"_links":{"self":[{"href":"https:\/\/agora.xtec.cat\/ceip-jruyra-l-h\/wp-json\/wp\/v2\/posts\/16458","targetHints":{"allow":["GET"]}}],"collection":[{"href":"https:\/\/agora.xtec.cat\/ceip-jruyra-l-h\/wp-json\/wp\/v2\/posts"}],"about":[{"href":"https:\/\/agora.xtec.cat\/ceip-jruyra-l-h\/wp-json\/wp\/v2\/types\/post"}],"author":[{"embeddable":true,"href":"https:\/\/agora.xtec.cat\/ceip-jruyra-l-h\/wp-json\/wp\/v2\/users\/19"}],"replies":[{"embeddable":true,"href":"https:\/\/agora.xtec.cat\/ceip-jruyra-l-h\/wp-json\/wp\/v2\/comments?post=16458"}],"version-history":[{"count":1,"href":"https:\/\/agora.xtec.cat\/ceip-jruyra-l-h\/wp-json\/wp\/v2\/posts\/16458\/revisions"}],"predecessor-version":[{"id":16460,"href":"https:\/\/agora.xtec.cat\/ceip-jruyra-l-h\/wp-json\/wp\/v2\/posts\/16458\/revisions\/16460"}],"wp:featuredmedia":[{"embeddable":true,"href":"https:\/\/agora.xtec.cat\/ceip-jruyra-l-h\/wp-json\/wp\/v2\/media\/16459"}],"wp:attachment":[{"href":"https:\/\/agora.xtec.cat\/ceip-jruyra-l-h\/wp-json\/wp\/v2\/media?parent=16458"}],"wp:term":[{"taxonomy":"category","embeddable":true,"href":"https:\/\/agora.xtec.cat\/ceip-jruyra-l-h\/wp-json\/wp\/v2\/categories?post=16458"},{"taxonomy":"post_tag","embeddable":true,"href":"https:\/\/agora.xtec.cat\/ceip-jruyra-l-h\/wp-json\/wp\/v2\/tags?post=16458"}],"curies":[{"name":"wp","href":"https:\/\/api.w.org\/{rel}","templated":true}]}}