{"id":16455,"date":"2025-03-08T18:05:31","date_gmt":"2025-03-08T17:05:31","guid":{"rendered":"https:\/\/agora.xtec.cat\/ceip-jruyra-l-h\/?p=16455"},"modified":"2025-03-08T18:05:31","modified_gmt":"2025-03-08T17:05:31","slug":"i4a-ratolins-i-ratolines-carnaval","status":"publish","type":"post","link":"https:\/\/agora.xtec.cat\/ceip-jruyra-l-h\/infantil\/i4\/i4a-ratolins-i-ratolines-carnaval\/","title":{"rendered":"I4A Ratolins i Ratolines: CARNAVAL"},"content":{"rendered":"<p><img loading=\"lazy\" decoding=\"async\" class=\"alignnone size-large wp-image-16443\" src=\"https:\/\/agora.xtec.cat\/ceip-jruyra-l-h\/wp-content\/uploads\/usu2049\/2025\/03\/20250228_160616-1024x768.jpg\" alt=\"\" width=\"1024\" height=\"768\" srcset=\"https:\/\/agora.xtec.cat\/ceip-jruyra-l-h\/wp-content\/uploads\/usu2049\/2025\/03\/20250228_160616-1024x768.jpg 1024w, https:\/\/agora.xtec.cat\/ceip-jruyra-l-h\/wp-content\/uploads\/usu2049\/2025\/03\/20250228_160616-300x225.jpg 300w, https:\/\/agora.xtec.cat\/ceip-jruyra-l-h\/wp-content\/uploads\/usu2049\/2025\/03\/20250228_160616-768x576.jpg 768w, https:\/\/agora.xtec.cat\/ceip-jruyra-l-h\/wp-content\/uploads\/usu2049\/2025\/03\/20250228_160616-1536x1152.jpg 1536w, https:\/\/agora.xtec.cat\/ceip-jruyra-l-h\/wp-content\/uploads\/usu2049\/2025\/03\/20250228_160616-200x150.jpg 200w, https:\/\/agora.xtec.cat\/ceip-jruyra-l-h\/wp-content\/uploads\/usu2049\/2025\/03\/20250228_160616.jpg 2040w\" sizes=\"auto, (max-width: 1024px) 100vw, 1024px\" \/><\/p>\n<p>Hem celebrat una de les festes m\u00e9s esperades de tot el curs: El Carnaval!<\/p>\n<p>Va arribar el rei Carnestoltes i ens va explicar totes les consignes esbojarrades per la setmana de Carnaval. Podeu visitar aquesta publicaci\u00f3 per veure com s&#8217;ho van passar de b\u00e9 a Infantil a ritme de tambors: <a href=\"https:\/\/agora.xtec.cat\/ceip-jruyra-l-h\/general\/arribada-del-rei-carnestoltes\/\">https:\/\/agora.xtec.cat\/ceip-jruyra-l-h\/general\/arribada-del-rei-carnestoltes\/<\/a><\/p>\n<p>I tamb\u00e9 veure algunes imatges en aquest enlla\u00e7:\u00a0<a href=\"https:\/\/drive.google.com\/drive\/folders\/1jup6F-vmRH6K7tJmlyBqo-aNYnvCLPG7?usp=sharing\">https:\/\/drive.google.com\/drive\/folders\/1jup6F-vmRH6K7tJmlyBqo-aNYnvCLPG7?usp=sharing<\/a><\/p>\n<p>Cada dia a la classe dels Ratolins i Ratolines els nens i les nenes han anat seguint totes les consignes rigorosament i amb molta diversi\u00f3. Podeu veure totes les fotos de les diferents consignes en els seg\u00fcents enlla\u00e7os:<br \/>\n&#8211; Consigna 1. Cabells bojos: <a href=\"https:\/\/drive.google.com\/drive\/folders\/1_R_re4vxroHnxluDeRhiMTr9aeNvBKz6?usp=sharing\">https:\/\/drive.google.com\/drive\/folders\/1_R_re4vxroHnxluDeRhiMTr9aeNvBKz6?usp=sharing<\/a><br \/>\n&#8211; Consigna 2. Pijama:\u00a0<a href=\"https:\/\/drive.google.com\/drive\/folders\/1CcgsBShk-FdLvpl3X-X_XJIXV3ko3fb4?usp=sharing\">https:\/\/drive.google.com\/drive\/folders\/1CcgsBShk-FdLvpl3X-X_XJIXV3ko3fb4?usp=sharing<\/a><br \/>\n&#8211; Consigna 3. Colors:\u00a0<a href=\"https:\/\/drive.google.com\/drive\/folders\/1cJlZoibqqszTK8jugsLB-vn0DJ7D-H46?usp=sharing\">https:\/\/drive.google.com\/drive\/folders\/1cJlZoibqqszTK8jugsLB-vn0DJ7D-H46?usp=sharing<\/a><br \/>\n&#8211; Consigna 4. Cara pintada:\u00a0<a href=\"https:\/\/drive.google.com\/drive\/folders\/1R4_ni6SY3LgDUSl3n64y4Pk0Sw67_Pnl?usp=sharing\">https:\/\/drive.google.com\/drive\/folders\/1R4_ni6SY3LgDUSl3n64y4Pk0Sw67_Pnl?usp=sharing<\/a><\/p>\n<p>Un cop aconseguides totes les consignes, arriba el gran dia: La Rua de Carnaval! Despr\u00e9s d\u2019haver muntat les disfresses entre tots i totes i amb l\u2019ajuda de fam\u00edlies voluntaries de l\u2019escola, toca el moment de celebrar la gran festa; ens posem les nostres disfresses i gaudim d\u2019aquesta celebraci\u00f3 que podeu veure en el seg\u00fcent enlla\u00e7: <a href=\"https:\/\/drive.google.com\/drive\/folders\/1hynYmABYjWMS3DssA6nGdYxvtHJrL8Sf?usp=sharing\">https:\/\/drive.google.com\/drive\/folders\/1hynYmABYjWMS3DssA6nGdYxvtHJrL8Sf?usp=sharing<\/a><\/p>\n","protected":false},"excerpt":{"rendered":"<p>Hem celebrat una de les festes m\u00e9s esperades de tot el curs: El Carnaval!<br \/>\nVa arribar el rei Carnestoltes i ens va explicar totes les consignes esbojarrades per la setmana de Carnaval. Podeu visitar aquesta publicaci\u00f3 per veure com s&#8217;ho van passar de b\u00e9 a Infantil&hellip;  <a href=\"https:\/\/agora.xtec.cat\/ceip-jruyra-l-h\/infantil\/i4\/i4a-ratolins-i-ratolines-carnaval\/\" title=\"Read I4A Ratolins i Ratolines: CARNAVAL\">Llegeix m\u00e9s\u00bb<\/a><\/p>\n","protected":false},"author":37,"featured_media":16443,"comment_status":"open","ping_status":"closed","sticky":false,"template":"","format":"standard","meta":{"_bbp_topic_count":0,"_bbp_reply_count":0,"_bbp_total_topic_count":0,"_bbp_total_reply_count":0,"_bbp_voice_count":0,"_bbp_anonymous_reply_count":0,"_bbp_topic_count_hidden":0,"_bbp_reply_count_hidden":0,"_bbp_forum_subforum_count":0,"footnotes":""},"categories":[8],"tags":[],"class_list":["post-16455","post","type-post","status-publish","format-standard","has-post-thumbnail","hentry","category-i4"],"post_mailing_queue_ids":[],"_links":{"self":[{"href":"https:\/\/agora.xtec.cat\/ceip-jruyra-l-h\/wp-json\/wp\/v2\/posts\/16455","targetHints":{"allow":["GET"]}}],"collection":[{"href":"https:\/\/agora.xtec.cat\/ceip-jruyra-l-h\/wp-json\/wp\/v2\/posts"}],"about":[{"href":"https:\/\/agora.xtec.cat\/ceip-jruyra-l-h\/wp-json\/wp\/v2\/types\/post"}],"author":[{"embeddable":true,"href":"https:\/\/agora.xtec.cat\/ceip-jruyra-l-h\/wp-json\/wp\/v2\/users\/37"}],"replies":[{"embeddable":true,"href":"https:\/\/agora.xtec.cat\/ceip-jruyra-l-h\/wp-json\/wp\/v2\/comments?post=16455"}],"version-history":[{"count":1,"href":"https:\/\/agora.xtec.cat\/ceip-jruyra-l-h\/wp-json\/wp\/v2\/posts\/16455\/revisions"}],"predecessor-version":[{"id":16456,"href":"https:\/\/agora.xtec.cat\/ceip-jruyra-l-h\/wp-json\/wp\/v2\/posts\/16455\/revisions\/16456"}],"wp:featuredmedia":[{"embeddable":true,"href":"https:\/\/agora.xtec.cat\/ceip-jruyra-l-h\/wp-json\/wp\/v2\/media\/16443"}],"wp:attachment":[{"href":"https:\/\/agora.xtec.cat\/ceip-jruyra-l-h\/wp-json\/wp\/v2\/media?parent=16455"}],"wp:term":[{"taxonomy":"category","embeddable":true,"href":"https:\/\/agora.xtec.cat\/ceip-jruyra-l-h\/wp-json\/wp\/v2\/categories?post=16455"},{"taxonomy":"post_tag","embeddable":true,"href":"https:\/\/agora.xtec.cat\/ceip-jruyra-l-h\/wp-json\/wp\/v2\/tags?post=16455"}],"curies":[{"name":"wp","href":"https:\/\/api.w.org\/{rel}","templated":true}]}}