{"id":16411,"date":"2025-03-05T08:11:18","date_gmt":"2025-03-05T07:11:18","guid":{"rendered":"https:\/\/agora.xtec.cat\/ceip-jruyra-l-h\/?p=16411"},"modified":"2025-03-04T20:11:30","modified_gmt":"2025-03-04T19:11:30","slug":"els-soldadets-de-plom-setmana-de-carnaval","status":"publish","type":"post","link":"https:\/\/agora.xtec.cat\/ceip-jruyra-l-h\/infantil\/i4\/els-soldadets-de-plom-setmana-de-carnaval\/","title":{"rendered":"Els soldadets de plom: setmana de carnaval."},"content":{"rendered":"<p>Hola fam\u00edlies,<\/p>\n<p>aquesta setmana ha estat ben esbojarrada, plena de gresca i xerinola!!! Una setmana molt divertida en la que ens ha visitat el rei Carnestoltes i ens ha donat un munt de consignes molt divertides . El dilluns tots amb els cabells ben divertits, el dimarts amb pijames de tots colors, el dimecres amb colors de tota mena i el dijous amb la cara ben pintada. I per fi va arribar el dia m\u00e9s esperat, el divendres vam poder gaudir de la rua de Carnaval juntament amb vosaltres les fam\u00edlies. Esperem que tothom hagi gaudit d&#8217;aquesta festa tan divertida ja que d&#8217;aqu\u00ed a pocs dies ens vindr\u00e0 a visitar la Vella Quaresma i la gresca i xerinola es donar\u00e0 per finalitzada .<\/p>\n<p>Us deixo les fotos de la setmana de Carnaval.<\/p>\n<p><a href=\"https:\/\/drive.google.com\/drive\/u\/2\/folders\/1v1lVaB3g3TXYiZifKZbs6_eH_ClGguti\">https:\/\/drive.google.com\/drive\/u\/2\/folders\/1v1lVaB3g3TXYiZifKZbs6_eH_ClGguti<\/a><\/p>\n<p>Espero que us agradin<\/p>\n","protected":false},"excerpt":{"rendered":"<p>Hola fam\u00edlies,<br \/>\naquesta setmana ha estat ben esbojarrada, plena de gresca i xerinola!!! Una setmana molt divertida en la que ens ha visitat el rei Carnestoltes i ens ha donat un munt de consignes molt divertides . El dilluns tots amb els cabells ben divertits, el&hellip;  <a href=\"https:\/\/agora.xtec.cat\/ceip-jruyra-l-h\/infantil\/i4\/els-soldadets-de-plom-setmana-de-carnaval\/\" title=\"Read Els soldadets de plom: setmana de carnaval.\">Llegeix m\u00e9s\u00bb<\/a><\/p>\n","protected":false},"author":73,"featured_media":16412,"comment_status":"closed","ping_status":"closed","sticky":false,"template":"","format":"standard","meta":{"_bbp_topic_count":0,"_bbp_reply_count":0,"_bbp_total_topic_count":0,"_bbp_total_reply_count":0,"_bbp_voice_count":0,"_bbp_anonymous_reply_count":0,"_bbp_topic_count_hidden":0,"_bbp_reply_count_hidden":0,"_bbp_forum_subforum_count":0,"footnotes":""},"categories":[8],"tags":[],"class_list":["post-16411","post","type-post","status-publish","format-standard","has-post-thumbnail","hentry","category-i4"],"post_mailing_queue_ids":[],"_links":{"self":[{"href":"https:\/\/agora.xtec.cat\/ceip-jruyra-l-h\/wp-json\/wp\/v2\/posts\/16411","targetHints":{"allow":["GET"]}}],"collection":[{"href":"https:\/\/agora.xtec.cat\/ceip-jruyra-l-h\/wp-json\/wp\/v2\/posts"}],"about":[{"href":"https:\/\/agora.xtec.cat\/ceip-jruyra-l-h\/wp-json\/wp\/v2\/types\/post"}],"author":[{"embeddable":true,"href":"https:\/\/agora.xtec.cat\/ceip-jruyra-l-h\/wp-json\/wp\/v2\/users\/73"}],"replies":[{"embeddable":true,"href":"https:\/\/agora.xtec.cat\/ceip-jruyra-l-h\/wp-json\/wp\/v2\/comments?post=16411"}],"version-history":[{"count":1,"href":"https:\/\/agora.xtec.cat\/ceip-jruyra-l-h\/wp-json\/wp\/v2\/posts\/16411\/revisions"}],"predecessor-version":[{"id":16413,"href":"https:\/\/agora.xtec.cat\/ceip-jruyra-l-h\/wp-json\/wp\/v2\/posts\/16411\/revisions\/16413"}],"wp:featuredmedia":[{"embeddable":true,"href":"https:\/\/agora.xtec.cat\/ceip-jruyra-l-h\/wp-json\/wp\/v2\/media\/16412"}],"wp:attachment":[{"href":"https:\/\/agora.xtec.cat\/ceip-jruyra-l-h\/wp-json\/wp\/v2\/media?parent=16411"}],"wp:term":[{"taxonomy":"category","embeddable":true,"href":"https:\/\/agora.xtec.cat\/ceip-jruyra-l-h\/wp-json\/wp\/v2\/categories?post=16411"},{"taxonomy":"post_tag","embeddable":true,"href":"https:\/\/agora.xtec.cat\/ceip-jruyra-l-h\/wp-json\/wp\/v2\/tags?post=16411"}],"curies":[{"name":"wp","href":"https:\/\/api.w.org\/{rel}","templated":true}]}}