{"id":16400,"date":"2025-02-25T19:38:32","date_gmt":"2025-02-25T18:38:32","guid":{"rendered":"https:\/\/agora.xtec.cat\/ceip-jruyra-l-h\/?p=16400"},"modified":"2025-02-25T20:00:24","modified_gmt":"2025-02-25T19:00:24","slug":"grups-interactius-dangles-amb-estudiants-internacionals","status":"publish","type":"post","link":"https:\/\/agora.xtec.cat\/ceip-jruyra-l-h\/general\/grups-interactius-dangles-amb-estudiants-internacionals\/","title":{"rendered":"Grups interactius d\u2019angl\u00e8s amb estudiants internacionals."},"content":{"rendered":"<p align=\"justify\"><img loading=\"lazy\" decoding=\"async\" class=\"alignnone size-large wp-image-16406\" src=\"https:\/\/agora.xtec.cat\/ceip-jruyra-l-h\/wp-content\/uploads\/usu2049\/2025\/02\/Captura-1024x768.png\" alt=\"\" width=\"1024\" height=\"768\" srcset=\"https:\/\/agora.xtec.cat\/ceip-jruyra-l-h\/wp-content\/uploads\/usu2049\/2025\/02\/Captura-1024x768.png 1024w, https:\/\/agora.xtec.cat\/ceip-jruyra-l-h\/wp-content\/uploads\/usu2049\/2025\/02\/Captura-300x225.png 300w, https:\/\/agora.xtec.cat\/ceip-jruyra-l-h\/wp-content\/uploads\/usu2049\/2025\/02\/Captura-768x575.png 768w, https:\/\/agora.xtec.cat\/ceip-jruyra-l-h\/wp-content\/uploads\/usu2049\/2025\/02\/Captura-200x150.png 200w, https:\/\/agora.xtec.cat\/ceip-jruyra-l-h\/wp-content\/uploads\/usu2049\/2025\/02\/Captura.png 1039w\" sizes=\"auto, (max-width: 1024px) 100vw, 1024px\" \/><\/p>\n<p align=\"justify\">Durant la setmana passada, vam tenir el plaer de rebre quatre estudiants de pr\u00e0ctiques provinents de B\u00e8lgica. La Nel, la Flore, la Yelien i la Olivia han passat una setmana amb nosaltres, compartint el seu entusiasme i creativitat.<\/p>\n<p align=\"justify\">Durant la seva estada, van portar a terme <strong>grups interactius d&#8217;angl\u00e8s <\/strong>amb els alumnes d&#8217;infantil 5, primer i segon de prim\u00e0ria per a afavorir el seu aprenentatge de l&#8217;idioma d&#8217;una manera pr\u00e0ctica i immersiva. Les estudiants de B\u00e8lgica van ser les encarregades de dinamitzar aquestes activitats, creant un ambient motivador i estimulant. Els nens i nenes van gaudir de l&#8217;oportunitat de practicar angl\u00e8s de manera natural, interactuant amb les estudiants.<\/p>\n<p align=\"justify\">Des de l&#8217;escola, volem agrair a les estudiants de B\u00e8lgica la dedicaci\u00f3 i l&#8217;energia que van aportar durant tota la setmana. Aquesta experi\u00e8ncia ha estat molt enriquidora per\u00a0 tothom i estem il\u00b7lusionats per poder gaudir de futures col\u00b7laboracions internacionals.<\/p>\n<p align=\"justify\"><a href=\"https:\/\/drive.google.com\/drive\/folders\/1_joHv0cvZGUYAD7vRDevS5uZJjtiTufa?usp=drive_link\">Aqu\u00ed<\/a> podeu veure algunes fotos d&#8217;aquests dies.<\/p>\n<p align=\"justify\">Moltes gr\u00e0cies noies!<\/p>\n<p align=\"justify\">\n","protected":false},"excerpt":{"rendered":"<p>Durant la setmana passada, vam tenir el plaer de rebre quatre estudiants de pr\u00e0ctiques provinents de B\u00e8lgica. La Nel, la Flore, la Yelien i la Olivia han passat una setmana amb nosaltres, compartint el seu entusiasme i creativitat.<br \/>\nDurant la seva estada, van portar a terme&hellip;  <a href=\"https:\/\/agora.xtec.cat\/ceip-jruyra-l-h\/general\/grups-interactius-dangles-amb-estudiants-internacionals\/\" title=\"Read Grups interactius d\u2019angl\u00e8s amb estudiants internacionals.\">Llegeix m\u00e9s\u00bb<\/a><\/p>\n","protected":false},"author":25,"featured_media":16406,"comment_status":"open","ping_status":"closed","sticky":false,"template":"","format":"standard","meta":{"_bbp_topic_count":0,"_bbp_reply_count":0,"_bbp_total_topic_count":0,"_bbp_total_reply_count":0,"_bbp_voice_count":0,"_bbp_anonymous_reply_count":0,"_bbp_topic_count_hidden":0,"_bbp_reply_count_hidden":0,"_bbp_forum_subforum_count":0,"footnotes":""},"categories":[10,11,60,1,9],"tags":[71,83,64],"class_list":["post-16400","post","type-post","status-publish","format-standard","has-post-thumbnail","hentry","category-1r","category-2n","category-cdaxarxa","category-general","category-i5","tag-actuacions-educatives-dexit","tag-comunitats-daprenentatge","tag-grups-interactius"],"post_mailing_queue_ids":[],"_links":{"self":[{"href":"https:\/\/agora.xtec.cat\/ceip-jruyra-l-h\/wp-json\/wp\/v2\/posts\/16400","targetHints":{"allow":["GET"]}}],"collection":[{"href":"https:\/\/agora.xtec.cat\/ceip-jruyra-l-h\/wp-json\/wp\/v2\/posts"}],"about":[{"href":"https:\/\/agora.xtec.cat\/ceip-jruyra-l-h\/wp-json\/wp\/v2\/types\/post"}],"author":[{"embeddable":true,"href":"https:\/\/agora.xtec.cat\/ceip-jruyra-l-h\/wp-json\/wp\/v2\/users\/25"}],"replies":[{"embeddable":true,"href":"https:\/\/agora.xtec.cat\/ceip-jruyra-l-h\/wp-json\/wp\/v2\/comments?post=16400"}],"version-history":[{"count":5,"href":"https:\/\/agora.xtec.cat\/ceip-jruyra-l-h\/wp-json\/wp\/v2\/posts\/16400\/revisions"}],"predecessor-version":[{"id":16408,"href":"https:\/\/agora.xtec.cat\/ceip-jruyra-l-h\/wp-json\/wp\/v2\/posts\/16400\/revisions\/16408"}],"wp:featuredmedia":[{"embeddable":true,"href":"https:\/\/agora.xtec.cat\/ceip-jruyra-l-h\/wp-json\/wp\/v2\/media\/16406"}],"wp:attachment":[{"href":"https:\/\/agora.xtec.cat\/ceip-jruyra-l-h\/wp-json\/wp\/v2\/media?parent=16400"}],"wp:term":[{"taxonomy":"category","embeddable":true,"href":"https:\/\/agora.xtec.cat\/ceip-jruyra-l-h\/wp-json\/wp\/v2\/categories?post=16400"},{"taxonomy":"post_tag","embeddable":true,"href":"https:\/\/agora.xtec.cat\/ceip-jruyra-l-h\/wp-json\/wp\/v2\/tags?post=16400"}],"curies":[{"name":"wp","href":"https:\/\/api.w.org\/{rel}","templated":true}]}}