{"id":16388,"date":"2025-02-25T19:22:00","date_gmt":"2025-02-25T18:22:00","guid":{"rendered":"https:\/\/agora.xtec.cat\/ceip-jruyra-l-h\/?p=16388"},"modified":"2025-03-04T20:11:09","modified_gmt":"2025-03-04T19:11:09","slug":"els-5-sentits","status":"publish","type":"post","link":"https:\/\/agora.xtec.cat\/ceip-jruyra-l-h\/primaria\/2n\/els-5-sentits\/","title":{"rendered":"Els 5 sentits"},"content":{"rendered":"<p style=\"text-align: left;\">Series capa\u00e7 de dir quants ossos t\u00e9 el nostre cos? I quants m\u00fasculs? Doncs l&#8217;alumnat de segon de prim\u00e0ria us pot contestar a aquestes preguntes, ja que durant el segon trimestre hem estat descobrint el nostre cos com \u00e9s per fora i ens endinsat a analitzar com \u00e9s per dins.<\/p>\n<p style=\"text-align: left;\">Tot va comen\u00e7ar amb la descoberta dels 5 sentits, on els infants van olorar, tocar, tastar, observar i escoltar parant atenci\u00f3 als \u00f2rgans que intervenen en aquestes accions tan imprescindibles en el nostre dia a dia. L&#8217;alumnat va endinsar-se a trav\u00e9s de la capsa dels 5 sentits, on vam contestar a les nostres preguntes. Una vegada experimentat van ser capa\u00e7os de crear mapes conceptuals sobre quelcom treballat.<\/p>\n<p><img loading=\"lazy\" decoding=\"async\" class=\"wp-image-16390 aligncenter\" src=\"https:\/\/agora.xtec.cat\/ceip-jruyra-l-h\/wp-content\/uploads\/usu2049\/2025\/02\/sentitss.png\" alt=\"\" width=\"247\" height=\"266\" srcset=\"https:\/\/agora.xtec.cat\/ceip-jruyra-l-h\/wp-content\/uploads\/usu2049\/2025\/02\/sentitss.png 529w, https:\/\/agora.xtec.cat\/ceip-jruyra-l-h\/wp-content\/uploads\/usu2049\/2025\/02\/sentitss-279x300.png 279w\" sizes=\"auto, (max-width: 247px) 100vw, 247px\" \/><\/p>\n<p>Bona feina!!<\/p>\n<p>Consulteu les imatges de la nostra capsa dels sentits:\u00a0<a href=\"https:\/\/drive.google.com\/drive\/folders\/1VZizSmgtI8ovmco9ZI-0hHRUwkrPOPzq?usp=drive_link\">https:\/\/drive.google.com\/drive\/folders\/1VZizSmgtI8ovmco9ZI-0hHRUwkrPOPzq?usp=drive_link<\/a><\/p>\n","protected":false},"excerpt":{"rendered":"<p>Series capa\u00e7 de dir quants ossos t\u00e9 el nostre cos? I quants m\u00fasculs? Doncs l&#8217;alumnat de segon de prim\u00e0ria us pot contestar a aquestes preguntes, ja que durant el segon trimestre hem estat descobrint el nostre cos com \u00e9s per fora i ens endinsat a&hellip;  <a href=\"https:\/\/agora.xtec.cat\/ceip-jruyra-l-h\/primaria\/2n\/els-5-sentits\/\" title=\"Read Els 5 sentits\">Llegeix m\u00e9s\u00bb<\/a><\/p>\n","protected":false},"author":71,"featured_media":16389,"comment_status":"open","ping_status":"closed","sticky":false,"template":"","format":"standard","meta":{"_bbp_topic_count":0,"_bbp_reply_count":0,"_bbp_total_topic_count":0,"_bbp_total_reply_count":0,"_bbp_voice_count":0,"_bbp_anonymous_reply_count":0,"_bbp_topic_count_hidden":0,"_bbp_reply_count_hidden":0,"_bbp_forum_subforum_count":0,"footnotes":""},"categories":[11],"tags":[],"class_list":["post-16388","post","type-post","status-publish","format-standard","has-post-thumbnail","hentry","category-2n"],"post_mailing_queue_ids":[],"_links":{"self":[{"href":"https:\/\/agora.xtec.cat\/ceip-jruyra-l-h\/wp-json\/wp\/v2\/posts\/16388","targetHints":{"allow":["GET"]}}],"collection":[{"href":"https:\/\/agora.xtec.cat\/ceip-jruyra-l-h\/wp-json\/wp\/v2\/posts"}],"about":[{"href":"https:\/\/agora.xtec.cat\/ceip-jruyra-l-h\/wp-json\/wp\/v2\/types\/post"}],"author":[{"embeddable":true,"href":"https:\/\/agora.xtec.cat\/ceip-jruyra-l-h\/wp-json\/wp\/v2\/users\/71"}],"replies":[{"embeddable":true,"href":"https:\/\/agora.xtec.cat\/ceip-jruyra-l-h\/wp-json\/wp\/v2\/comments?post=16388"}],"version-history":[{"count":4,"href":"https:\/\/agora.xtec.cat\/ceip-jruyra-l-h\/wp-json\/wp\/v2\/posts\/16388\/revisions"}],"predecessor-version":[{"id":16438,"href":"https:\/\/agora.xtec.cat\/ceip-jruyra-l-h\/wp-json\/wp\/v2\/posts\/16388\/revisions\/16438"}],"wp:featuredmedia":[{"embeddable":true,"href":"https:\/\/agora.xtec.cat\/ceip-jruyra-l-h\/wp-json\/wp\/v2\/media\/16389"}],"wp:attachment":[{"href":"https:\/\/agora.xtec.cat\/ceip-jruyra-l-h\/wp-json\/wp\/v2\/media?parent=16388"}],"wp:term":[{"taxonomy":"category","embeddable":true,"href":"https:\/\/agora.xtec.cat\/ceip-jruyra-l-h\/wp-json\/wp\/v2\/categories?post=16388"},{"taxonomy":"post_tag","embeddable":true,"href":"https:\/\/agora.xtec.cat\/ceip-jruyra-l-h\/wp-json\/wp\/v2\/tags?post=16388"}],"curies":[{"name":"wp","href":"https:\/\/api.w.org\/{rel}","templated":true}]}}