{"id":16372,"date":"2025-02-22T19:21:42","date_gmt":"2025-02-22T18:21:42","guid":{"rendered":"https:\/\/agora.xtec.cat\/ceip-jruyra-l-h\/?p=16372"},"modified":"2025-04-01T09:00:22","modified_gmt":"2025-04-01T07:00:22","slug":"arribada-del-rei-carnestoltes","status":"publish","type":"post","link":"https:\/\/agora.xtec.cat\/ceip-jruyra-l-h\/general\/arribada-del-rei-carnestoltes\/","title":{"rendered":"Arribada del Rei Carnestoltes!"},"content":{"rendered":"<p>El divendres passat, el Rei Carnestoltes va fer la seva gran entrada a la nostra escola, portant amb ell la bogeria i la diversi\u00f3! Volem agrair especialment al grup de batucada de 4t d&#8217;ESO de l&#8217;institut Eduard Fontser\u00e8, que ens va acompanyar amb la seva m\u00fasica i energia contagiosa.<\/p>\n<p>Malgrat la pluja, la festa va ser un \u00e8xit i tots vam gaudir d&#8217;una jornada plena de rialles i moments inoblidables. Gr\u00e0cies a tots els que vau participar i vau fer possible aquesta celebraci\u00f3 tan especial!<\/p>\n<p>Visca el Rei Carnestoltes!<\/p>\n<p>Si voleu veure tots els v\u00eddeos i les fotos punxeu al seg\u00fcent enlla\u00e7: <a href=\"https:\/\/drive.google.com\/drive\/folders\/1-mLcQpZa6X4OXB4lHccOUu1gTJb5JPVH?usp=sharing\">https:\/\/drive.google.com\/drive\/folders\/1-mLcQpZa6X4OXB4lHccOUu1gTJb5JPVH?usp=sharing<\/a><\/p>\n<p><img loading=\"lazy\" decoding=\"async\" class=\"alignnone size-large wp-image-16374 aligncenter\" src=\"https:\/\/agora.xtec.cat\/ceip-jruyra-l-h\/wp-content\/uploads\/usu2049\/2025\/02\/presentacio-rei-carnestoltes-1024x576.jpg\" alt=\"\" width=\"1024\" height=\"576\" srcset=\"https:\/\/agora.xtec.cat\/ceip-jruyra-l-h\/wp-content\/uploads\/usu2049\/2025\/02\/presentacio-rei-carnestoltes-1024x576.jpg 1024w, https:\/\/agora.xtec.cat\/ceip-jruyra-l-h\/wp-content\/uploads\/usu2049\/2025\/02\/presentacio-rei-carnestoltes-300x169.jpg 300w, https:\/\/agora.xtec.cat\/ceip-jruyra-l-h\/wp-content\/uploads\/usu2049\/2025\/02\/presentacio-rei-carnestoltes-768x432.jpg 768w, https:\/\/agora.xtec.cat\/ceip-jruyra-l-h\/wp-content\/uploads\/usu2049\/2025\/02\/presentacio-rei-carnestoltes-1536x864.jpg 1536w, https:\/\/agora.xtec.cat\/ceip-jruyra-l-h\/wp-content\/uploads\/usu2049\/2025\/02\/presentacio-rei-carnestoltes.jpg 1920w\" sizes=\"auto, (max-width: 1024px) 100vw, 1024px\" \/><\/p>\n","protected":false},"excerpt":{"rendered":"<p>El divendres passat, el Rei Carnestoltes va fer la seva gran entrada a la nostra escola, portant amb ell la bogeria i la diversi\u00f3! Volem agrair especialment al grup de batucada de 4t d&#8217;ESO de l&#8217;institut Eduard Fontser\u00e8, que ens va acompanyar amb la seva&hellip;  <a href=\"https:\/\/agora.xtec.cat\/ceip-jruyra-l-h\/general\/arribada-del-rei-carnestoltes\/\" title=\"Read Arribada del Rei Carnestoltes!\">Llegeix m\u00e9s\u00bb<\/a><\/p>\n","protected":false},"author":16,"featured_media":16374,"comment_status":"open","ping_status":"closed","sticky":false,"template":"","format":"standard","meta":{"_bbp_topic_count":0,"_bbp_reply_count":0,"_bbp_total_topic_count":0,"_bbp_total_reply_count":0,"_bbp_voice_count":0,"_bbp_anonymous_reply_count":0,"_bbp_topic_count_hidden":0,"_bbp_reply_count_hidden":0,"_bbp_forum_subforum_count":0,"footnotes":""},"categories":[10,11,12,13,14,15,1,5],"tags":[],"class_list":["post-16372","post","type-post","status-publish","format-standard","has-post-thumbnail","hentry","category-1r","category-2n","category-3r","category-4t","category-5e","category-6e","category-general","category-primaria"],"post_mailing_queue_ids":[],"_links":{"self":[{"href":"https:\/\/agora.xtec.cat\/ceip-jruyra-l-h\/wp-json\/wp\/v2\/posts\/16372","targetHints":{"allow":["GET"]}}],"collection":[{"href":"https:\/\/agora.xtec.cat\/ceip-jruyra-l-h\/wp-json\/wp\/v2\/posts"}],"about":[{"href":"https:\/\/agora.xtec.cat\/ceip-jruyra-l-h\/wp-json\/wp\/v2\/types\/post"}],"author":[{"embeddable":true,"href":"https:\/\/agora.xtec.cat\/ceip-jruyra-l-h\/wp-json\/wp\/v2\/users\/16"}],"replies":[{"embeddable":true,"href":"https:\/\/agora.xtec.cat\/ceip-jruyra-l-h\/wp-json\/wp\/v2\/comments?post=16372"}],"version-history":[{"count":3,"href":"https:\/\/agora.xtec.cat\/ceip-jruyra-l-h\/wp-json\/wp\/v2\/posts\/16372\/revisions"}],"predecessor-version":[{"id":16380,"href":"https:\/\/agora.xtec.cat\/ceip-jruyra-l-h\/wp-json\/wp\/v2\/posts\/16372\/revisions\/16380"}],"wp:featuredmedia":[{"embeddable":true,"href":"https:\/\/agora.xtec.cat\/ceip-jruyra-l-h\/wp-json\/wp\/v2\/media\/16374"}],"wp:attachment":[{"href":"https:\/\/agora.xtec.cat\/ceip-jruyra-l-h\/wp-json\/wp\/v2\/media?parent=16372"}],"wp:term":[{"taxonomy":"category","embeddable":true,"href":"https:\/\/agora.xtec.cat\/ceip-jruyra-l-h\/wp-json\/wp\/v2\/categories?post=16372"},{"taxonomy":"post_tag","embeddable":true,"href":"https:\/\/agora.xtec.cat\/ceip-jruyra-l-h\/wp-json\/wp\/v2\/tags?post=16372"}],"curies":[{"name":"wp","href":"https:\/\/api.w.org\/{rel}","templated":true}]}}