{"id":16318,"date":"2025-02-16T12:12:27","date_gmt":"2025-02-16T11:12:27","guid":{"rendered":"https:\/\/agora.xtec.cat\/ceip-jruyra-l-h\/?p=16318"},"modified":"2025-02-16T12:12:27","modified_gmt":"2025-02-16T11:12:27","slug":"i3b-els-dolcos-i-les-dolces-aniversari","status":"publish","type":"post","link":"https:\/\/agora.xtec.cat\/ceip-jruyra-l-h\/infantil\/i3\/i3b-els-dolcos-i-les-dolces-aniversari\/","title":{"rendered":"i3b- Els dol\u00e7os i les dolces- aniversari"},"content":{"rendered":"<p>Bon dia fam\u00edlies!<\/p>\n<p>El mes de Gener va ser l&#8217;aniversari de la nostra companya Amal. Sabeu qu\u00e9? ja t\u00e9 4 anys! \u00e9s la primera en fer-los! Aix\u00f3 a l&#8217;Amal li va fer molta il\u00b7lusi\u00f3 i es va posar molt contenta! Ens va portar galetes i sucs per a nosaltres i despr\u00e8s li vam canctar &#8220;Moltes felicitats&#8221; i vam ballar una estona! Mireu, mireu! <a href=\"https:\/\/drive.google.com\/drive\/folders\/1sVUe3rhMneGkh2Q9EFOhsi2luhXuuqR_?usp=drive_link\">https:\/\/drive.google.com\/drive\/folders\/1sVUe3rhMneGkh2Q9EFOhsi2luhXuuqR_?usp=drive_link<\/a><\/p>\n","protected":false},"excerpt":{"rendered":"<p>Bon dia fam\u00edlies!<br \/>\nEl mes de Gener va ser l&#8217;aniversari de la nostra companya Amal. Sabeu qu\u00e9? ja t\u00e9 4 anys! \u00e9s la primera en fer-los! Aix\u00f3 a l&#8217;Amal li va fer molta il\u00b7lusi\u00f3 i es va posar molt contenta! Ens va portar galetes i sucs&hellip;  <a href=\"https:\/\/agora.xtec.cat\/ceip-jruyra-l-h\/infantil\/i3\/i3b-els-dolcos-i-les-dolces-aniversari\/\" title=\"Read i3b- Els dol\u00e7os i les dolces- aniversari\">Llegeix m\u00e9s\u00bb<\/a><\/p>\n","protected":false},"author":1,"featured_media":15700,"comment_status":"open","ping_status":"closed","sticky":false,"template":"","format":"standard","meta":{"_bbp_topic_count":0,"_bbp_reply_count":0,"_bbp_total_topic_count":0,"_bbp_total_reply_count":0,"_bbp_voice_count":0,"_bbp_anonymous_reply_count":0,"_bbp_topic_count_hidden":0,"_bbp_reply_count_hidden":0,"_bbp_forum_subforum_count":0,"footnotes":""},"categories":[3],"tags":[],"class_list":["post-16318","post","type-post","status-publish","format-standard","has-post-thumbnail","hentry","category-i3"],"post_mailing_queue_ids":[],"_links":{"self":[{"href":"https:\/\/agora.xtec.cat\/ceip-jruyra-l-h\/wp-json\/wp\/v2\/posts\/16318","targetHints":{"allow":["GET"]}}],"collection":[{"href":"https:\/\/agora.xtec.cat\/ceip-jruyra-l-h\/wp-json\/wp\/v2\/posts"}],"about":[{"href":"https:\/\/agora.xtec.cat\/ceip-jruyra-l-h\/wp-json\/wp\/v2\/types\/post"}],"author":[{"embeddable":true,"href":"https:\/\/agora.xtec.cat\/ceip-jruyra-l-h\/wp-json\/wp\/v2\/users\/1"}],"replies":[{"embeddable":true,"href":"https:\/\/agora.xtec.cat\/ceip-jruyra-l-h\/wp-json\/wp\/v2\/comments?post=16318"}],"version-history":[{"count":1,"href":"https:\/\/agora.xtec.cat\/ceip-jruyra-l-h\/wp-json\/wp\/v2\/posts\/16318\/revisions"}],"predecessor-version":[{"id":16319,"href":"https:\/\/agora.xtec.cat\/ceip-jruyra-l-h\/wp-json\/wp\/v2\/posts\/16318\/revisions\/16319"}],"wp:featuredmedia":[{"embeddable":true,"href":"https:\/\/agora.xtec.cat\/ceip-jruyra-l-h\/wp-json\/wp\/v2\/media\/15700"}],"wp:attachment":[{"href":"https:\/\/agora.xtec.cat\/ceip-jruyra-l-h\/wp-json\/wp\/v2\/media?parent=16318"}],"wp:term":[{"taxonomy":"category","embeddable":true,"href":"https:\/\/agora.xtec.cat\/ceip-jruyra-l-h\/wp-json\/wp\/v2\/categories?post=16318"},{"taxonomy":"post_tag","embeddable":true,"href":"https:\/\/agora.xtec.cat\/ceip-jruyra-l-h\/wp-json\/wp\/v2\/tags?post=16318"}],"curies":[{"name":"wp","href":"https:\/\/api.w.org\/{rel}","templated":true}]}}