{"id":16190,"date":"2025-01-11T11:49:55","date_gmt":"2025-01-11T10:49:55","guid":{"rendered":"https:\/\/agora.xtec.cat\/ceip-jruyra-l-h\/?p=16190"},"modified":"2025-01-11T11:49:55","modified_gmt":"2025-01-11T10:49:55","slug":"aniversaris-desembre","status":"publish","type":"post","link":"https:\/\/agora.xtec.cat\/ceip-jruyra-l-h\/infantil\/i3\/aniversaris-desembre\/","title":{"rendered":"Aniversaris desembre"},"content":{"rendered":"<p data-pm-slice=\"1 1 []\">Hola, hola, fam\u00edlies!<\/p>\n<p>El mes de desembre la Maria i el Thiago van fer 3 anys! que grans! Ara, tots els nens i nenes de la classe dels dol\u00e7os ja tenim tres anys! Ja som molt grans! Quan llegiu aix\u00f2, segurament us preguntareu que perqu\u00e8 hem celebrat els aniversaris de desembre ara, tot just arribar de les vacances i al mes de gener. Resulta que els nostres companys Maria i Thiago no van poder ser amb nosaltres el dia de la celebraci\u00f3 perqu\u00e8 estaven malaltons, i per aix\u00f2 hem esperat que es trobin b\u00e9, per a poder celebrar el seu aniversari! Aix\u00ed que aquest divendres a la tarda hem menjat galetes, hem begut sucs, hem cantat la can\u00e7\u00f3 de &#8220;Moltes felicitats&#8221; i hem ballat! Ah, i la Maria i en Thiago han bufat el n\u00famero 3! Voleu veure-ho? Mireu! <a href=\"https:\/\/drive.google.com\/drive\/folders\/1sVUe3rhMneGkh2Q9EFOhsi2luhXuuqR_?usp=drive_link\">https:\/\/drive.google.com\/drive\/folders\/1sVUe3rhMneGkh2Q9EFOhsi2luhXuuqR_?usp=drive_link<\/a><\/p>\n<p>&nbsp;<\/p>\n<p>&nbsp;<\/p>\n","protected":false},"excerpt":{"rendered":"<p>Hola, hola, fam\u00edlies!<br \/>\nEl mes de desembre la Maria i el Thiago van fer 3 anys! que grans! Ara, tots els nens i nenes de la classe dels dol\u00e7os ja tenim tres anys! Ja som molt grans! Quan llegiu aix\u00f2, segurament us preguntareu que perqu\u00e8 hem&hellip;  <a href=\"https:\/\/agora.xtec.cat\/ceip-jruyra-l-h\/infantil\/i3\/aniversaris-desembre\/\" title=\"Read Aniversaris desembre\">Llegeix m\u00e9s\u00bb<\/a><\/p>\n","protected":false},"author":1,"featured_media":15700,"comment_status":"open","ping_status":"closed","sticky":false,"template":"","format":"standard","meta":{"_bbp_topic_count":0,"_bbp_reply_count":0,"_bbp_total_topic_count":0,"_bbp_total_reply_count":0,"_bbp_voice_count":0,"_bbp_anonymous_reply_count":0,"_bbp_topic_count_hidden":0,"_bbp_reply_count_hidden":0,"_bbp_forum_subforum_count":0,"footnotes":""},"categories":[3],"tags":[],"class_list":["post-16190","post","type-post","status-publish","format-standard","has-post-thumbnail","hentry","category-i3"],"post_mailing_queue_ids":[],"_links":{"self":[{"href":"https:\/\/agora.xtec.cat\/ceip-jruyra-l-h\/wp-json\/wp\/v2\/posts\/16190","targetHints":{"allow":["GET"]}}],"collection":[{"href":"https:\/\/agora.xtec.cat\/ceip-jruyra-l-h\/wp-json\/wp\/v2\/posts"}],"about":[{"href":"https:\/\/agora.xtec.cat\/ceip-jruyra-l-h\/wp-json\/wp\/v2\/types\/post"}],"author":[{"embeddable":true,"href":"https:\/\/agora.xtec.cat\/ceip-jruyra-l-h\/wp-json\/wp\/v2\/users\/1"}],"replies":[{"embeddable":true,"href":"https:\/\/agora.xtec.cat\/ceip-jruyra-l-h\/wp-json\/wp\/v2\/comments?post=16190"}],"version-history":[{"count":1,"href":"https:\/\/agora.xtec.cat\/ceip-jruyra-l-h\/wp-json\/wp\/v2\/posts\/16190\/revisions"}],"predecessor-version":[{"id":16191,"href":"https:\/\/agora.xtec.cat\/ceip-jruyra-l-h\/wp-json\/wp\/v2\/posts\/16190\/revisions\/16191"}],"wp:featuredmedia":[{"embeddable":true,"href":"https:\/\/agora.xtec.cat\/ceip-jruyra-l-h\/wp-json\/wp\/v2\/media\/15700"}],"wp:attachment":[{"href":"https:\/\/agora.xtec.cat\/ceip-jruyra-l-h\/wp-json\/wp\/v2\/media?parent=16190"}],"wp:term":[{"taxonomy":"category","embeddable":true,"href":"https:\/\/agora.xtec.cat\/ceip-jruyra-l-h\/wp-json\/wp\/v2\/categories?post=16190"},{"taxonomy":"post_tag","embeddable":true,"href":"https:\/\/agora.xtec.cat\/ceip-jruyra-l-h\/wp-json\/wp\/v2\/tags?post=16190"}],"curies":[{"name":"wp","href":"https:\/\/api.w.org\/{rel}","templated":true}]}}