{"id":16183,"date":"2025-01-14T12:59:33","date_gmt":"2025-01-14T11:59:33","guid":{"rendered":"https:\/\/agora.xtec.cat\/ceip-jruyra-l-h\/?p=16183"},"modified":"2025-01-14T12:59:33","modified_gmt":"2025-01-14T11:59:33","slug":"aniversaris-desembre-i5b","status":"publish","type":"post","link":"https:\/\/agora.xtec.cat\/ceip-jruyra-l-h\/infantil\/i5\/aniversaris-desembre-i5b\/","title":{"rendered":"Aniversaris desembre I5B"},"content":{"rendered":"<p>Hola fam\u00edlies,<\/p>\n<p>Com ja sabeu els \u00faltims dies d&#8217;escola vam celebrar els aniversaris dels nens i nenes del mes de desembre.<\/p>\n<p>Ara si, ja tots els nens i nenes de la classe de la llebre i la tortuga tenim 5 anys.<\/p>\n<p>Per celbrar-ho vam gaudir d&#8217;una gran festa amb balls, decoraci\u00f3 de corones i tamb\u00e9 d&#8217;un fant\u00e0stic esmorzar de galetes amb sucs.<\/p>\n<p>Us deixem unes<a href=\"https:\/\/drive.google.com\/drive\/u\/0\/folders\/1jO5b3mkFG26EeP2LufOyLeJLg_yXwYx0\"> imatges<\/a> per a qu\u00e8 veieu que ho vam passar d&#8217;all\u00f2 m\u00e9s b\u00e9.<\/p>\n<p>&nbsp;<\/p>\n","protected":false},"excerpt":{"rendered":"<p>Hola fam\u00edlies,<br \/>\nCom ja sabeu els \u00faltims dies d&#8217;escola vam celebrar els aniversaris dels nens i nenes del mes de desembre.<br \/>\nAra si, ja tots els nens i nenes de la classe de la llebre i la tortuga tenim 5 anys.<br \/>\nPer celbrar-ho vam gaudir d&#8217;una gran festa&hellip;  <a href=\"https:\/\/agora.xtec.cat\/ceip-jruyra-l-h\/infantil\/i5\/aniversaris-desembre-i5b\/\" title=\"Read Aniversaris desembre I5B\">Llegeix m\u00e9s\u00bb<\/a><\/p>\n","protected":false},"author":63,"featured_media":15700,"comment_status":"open","ping_status":"closed","sticky":false,"template":"","format":"standard","meta":{"_bbp_topic_count":0,"_bbp_reply_count":0,"_bbp_total_topic_count":0,"_bbp_total_reply_count":0,"_bbp_voice_count":0,"_bbp_anonymous_reply_count":0,"_bbp_topic_count_hidden":0,"_bbp_reply_count_hidden":0,"_bbp_forum_subforum_count":0,"footnotes":""},"categories":[9],"tags":[],"class_list":["post-16183","post","type-post","status-publish","format-standard","has-post-thumbnail","hentry","category-i5"],"post_mailing_queue_ids":[],"_links":{"self":[{"href":"https:\/\/agora.xtec.cat\/ceip-jruyra-l-h\/wp-json\/wp\/v2\/posts\/16183","targetHints":{"allow":["GET"]}}],"collection":[{"href":"https:\/\/agora.xtec.cat\/ceip-jruyra-l-h\/wp-json\/wp\/v2\/posts"}],"about":[{"href":"https:\/\/agora.xtec.cat\/ceip-jruyra-l-h\/wp-json\/wp\/v2\/types\/post"}],"author":[{"embeddable":true,"href":"https:\/\/agora.xtec.cat\/ceip-jruyra-l-h\/wp-json\/wp\/v2\/users\/63"}],"replies":[{"embeddable":true,"href":"https:\/\/agora.xtec.cat\/ceip-jruyra-l-h\/wp-json\/wp\/v2\/comments?post=16183"}],"version-history":[{"count":1,"href":"https:\/\/agora.xtec.cat\/ceip-jruyra-l-h\/wp-json\/wp\/v2\/posts\/16183\/revisions"}],"predecessor-version":[{"id":16184,"href":"https:\/\/agora.xtec.cat\/ceip-jruyra-l-h\/wp-json\/wp\/v2\/posts\/16183\/revisions\/16184"}],"wp:featuredmedia":[{"embeddable":true,"href":"https:\/\/agora.xtec.cat\/ceip-jruyra-l-h\/wp-json\/wp\/v2\/media\/15700"}],"wp:attachment":[{"href":"https:\/\/agora.xtec.cat\/ceip-jruyra-l-h\/wp-json\/wp\/v2\/media?parent=16183"}],"wp:term":[{"taxonomy":"category","embeddable":true,"href":"https:\/\/agora.xtec.cat\/ceip-jruyra-l-h\/wp-json\/wp\/v2\/categories?post=16183"},{"taxonomy":"post_tag","embeddable":true,"href":"https:\/\/agora.xtec.cat\/ceip-jruyra-l-h\/wp-json\/wp\/v2\/tags?post=16183"}],"curies":[{"name":"wp","href":"https:\/\/api.w.org\/{rel}","templated":true}]}}