{"id":16150,"date":"2024-12-20T13:00:13","date_gmt":"2024-12-20T12:00:13","guid":{"rendered":"https:\/\/agora.xtec.cat\/ceip-jruyra-l-h\/?p=16150"},"modified":"2024-12-20T08:54:06","modified_gmt":"2024-12-20T07:54:06","slug":"a-infantil-fem-cagar-el-tio","status":"publish","type":"post","link":"https:\/\/agora.xtec.cat\/ceip-jruyra-l-h\/infantil\/a-infantil-fem-cagar-el-tio\/","title":{"rendered":"A infantil fem cagar el Ti\u00f3!"},"content":{"rendered":"<p>Estimades fam\u00edlies,<\/p>\n<p>Sabeu qui ens ha acompanyat la darrera setmana? Us donarem algunes pistes: va arribar de la muntanya, es tapa amb una manta, porta barretina, \u00e9s molt agra\u00eft perqu\u00e8 menja de tot i creix i creix fins no poder m\u00e9s.<\/p>\n<p>Ja sabeu de qui estem parlant? Doncs s\u00ed, \u00e9s el Ti\u00f3 i d\u2019aquesta manera, amb la panxa ben plena, ens ha cagat molts regals!!! Quina alegria, quina manera de gaudir. Voleu compartir amb nosaltres aquesta experi\u00e8ncia? Doncs a continuaci\u00f3 trobareu els v\u00eddeos i el recull de fotografies que narren aquesta gran festa!!!<\/p>\n<p><iframe loading=\"lazy\" src=\"\/\/www.youtube.com\/embed\/g4BtvfvnQrg\" width=\"560\" height=\"314\"><\/iframe>5300<\/p>\n<p><iframe loading=\"lazy\" src=\"\/\/www.youtube.com\/embed\/EUCs4_Sp844\" width=\"560\" height=\"314\"><\/iframe><\/p>\n<p><iframe loading=\"lazy\" src=\"\/\/www.youtube.com\/embed\/p-oYItM3hHM\" width=\"560\" height=\"314\"><\/iframe><\/p>\n<p>Aqu\u00ed teniu la galeria de fotografies:<\/p>\n<p><a href=\"https:\/\/drive.google.com\/drive\/folders\/1-0HXvkGzxI2aqwYZvBWfz8Z3a168iFNS?usp=sharing\">https:\/\/drive.google.com\/drive\/folders\/1-0HXvkGzxI2aqwYZvBWfz8Z3a168iFNS?usp=sharing<\/a><\/p>\n","protected":false},"excerpt":{"rendered":"<p>Estimades fam\u00edlies,<br \/>\nSabeu qui ens ha acompanyat la darrera setmana? Us donarem algunes pistes: va arribar de la muntanya, es tapa amb una manta, porta barretina, \u00e9s molt agra\u00eft perqu\u00e8 menja de tot i creix i creix fins no poder m\u00e9s.<br \/>\nJa sabeu de qui estem parlant?&hellip;  <a href=\"https:\/\/agora.xtec.cat\/ceip-jruyra-l-h\/infantil\/a-infantil-fem-cagar-el-tio\/\" title=\"Read A infantil fem cagar el Ti\u00f3!\">Llegeix m\u00e9s\u00bb<\/a><\/p>\n","protected":false},"author":13,"featured_media":16151,"comment_status":"open","ping_status":"closed","sticky":false,"template":"","format":"standard","meta":{"_bbp_topic_count":0,"_bbp_reply_count":0,"_bbp_total_topic_count":0,"_bbp_total_reply_count":0,"_bbp_voice_count":0,"_bbp_anonymous_reply_count":0,"_bbp_topic_count_hidden":0,"_bbp_reply_count_hidden":0,"_bbp_forum_subforum_count":0,"footnotes":""},"categories":[2,3,8,9],"tags":[],"class_list":["post-16150","post","type-post","status-publish","format-standard","has-post-thumbnail","hentry","category-infantil","category-i3","category-i4","category-i5"],"post_mailing_queue_ids":[],"_links":{"self":[{"href":"https:\/\/agora.xtec.cat\/ceip-jruyra-l-h\/wp-json\/wp\/v2\/posts\/16150","targetHints":{"allow":["GET"]}}],"collection":[{"href":"https:\/\/agora.xtec.cat\/ceip-jruyra-l-h\/wp-json\/wp\/v2\/posts"}],"about":[{"href":"https:\/\/agora.xtec.cat\/ceip-jruyra-l-h\/wp-json\/wp\/v2\/types\/post"}],"author":[{"embeddable":true,"href":"https:\/\/agora.xtec.cat\/ceip-jruyra-l-h\/wp-json\/wp\/v2\/users\/13"}],"replies":[{"embeddable":true,"href":"https:\/\/agora.xtec.cat\/ceip-jruyra-l-h\/wp-json\/wp\/v2\/comments?post=16150"}],"version-history":[{"count":2,"href":"https:\/\/agora.xtec.cat\/ceip-jruyra-l-h\/wp-json\/wp\/v2\/posts\/16150\/revisions"}],"predecessor-version":[{"id":16153,"href":"https:\/\/agora.xtec.cat\/ceip-jruyra-l-h\/wp-json\/wp\/v2\/posts\/16150\/revisions\/16153"}],"wp:featuredmedia":[{"embeddable":true,"href":"https:\/\/agora.xtec.cat\/ceip-jruyra-l-h\/wp-json\/wp\/v2\/media\/16151"}],"wp:attachment":[{"href":"https:\/\/agora.xtec.cat\/ceip-jruyra-l-h\/wp-json\/wp\/v2\/media?parent=16150"}],"wp:term":[{"taxonomy":"category","embeddable":true,"href":"https:\/\/agora.xtec.cat\/ceip-jruyra-l-h\/wp-json\/wp\/v2\/categories?post=16150"},{"taxonomy":"post_tag","embeddable":true,"href":"https:\/\/agora.xtec.cat\/ceip-jruyra-l-h\/wp-json\/wp\/v2\/tags?post=16150"}],"curies":[{"name":"wp","href":"https:\/\/api.w.org\/{rel}","templated":true}]}}