{"id":16143,"date":"2024-12-20T08:51:18","date_gmt":"2024-12-20T07:51:18","guid":{"rendered":"https:\/\/agora.xtec.cat\/ceip-jruyra-l-h\/?p=16143"},"modified":"2025-02-16T12:20:22","modified_gmt":"2025-02-16T11:20:22","slug":"gi-internivell-nadal-1r-i-2n","status":"publish","type":"post","link":"https:\/\/agora.xtec.cat\/ceip-jruyra-l-h\/primaria\/gi-internivell-nadal-1r-i-2n\/","title":{"rendered":"GI Internivell Nadal 1r i 2n"},"content":{"rendered":"<p>Estimades fam\u00edlies,<\/p>\n<p>Avui els nens i nenes de 1r i 2n, ens hem barrejat per fer grups interactius<img loading=\"lazy\" decoding=\"async\" class=\"wp-image-16144 alignright\" src=\"https:\/\/agora.xtec.cat\/ceip-jruyra-l-h\/wp-content\/uploads\/usu2049\/2024\/12\/1734628081392-min-1024x768.jpg\" alt=\"\" width=\"362\" height=\"272\" srcset=\"https:\/\/agora.xtec.cat\/ceip-jruyra-l-h\/wp-content\/uploads\/usu2049\/2024\/12\/1734628081392-min-1024x768.jpg 1024w, https:\/\/agora.xtec.cat\/ceip-jruyra-l-h\/wp-content\/uploads\/usu2049\/2024\/12\/1734628081392-min-300x225.jpg 300w, https:\/\/agora.xtec.cat\/ceip-jruyra-l-h\/wp-content\/uploads\/usu2049\/2024\/12\/1734628081392-min-768x577.jpg 768w, https:\/\/agora.xtec.cat\/ceip-jruyra-l-h\/wp-content\/uploads\/usu2049\/2024\/12\/1734628081392-min-1536x1153.jpg 1536w, https:\/\/agora.xtec.cat\/ceip-jruyra-l-h\/wp-content\/uploads\/usu2049\/2024\/12\/1734628081392-min-2048x1538.jpg 2048w, https:\/\/agora.xtec.cat\/ceip-jruyra-l-h\/wp-content\/uploads\/usu2049\/2024\/12\/1734628081392-min-200x150.jpg 200w\" sizes=\"auto, (max-width: 362px) 100vw, 362px\" \/>, s&#8217;ho han passat genial, les activitats que hem realitzat son:<\/p>\n<ul>\n<li>Il\u00b7lusi\u00f3 \u00f2ptica: On el sentit de la vista ens ha fet percebre que un peix gran es menjava a un petit\u00f3.<\/li>\n<li>Just Dance.<\/li>\n<li>M\u00edmica Nadalenca.<\/li>\n<li>Decoraci\u00f3 Nadalenca, ren.<\/li>\n<\/ul>\n<p>Aqu\u00ed us deixem algunes <a href=\"https:\/\/drive.google.com\/drive\/folders\/12EIZPFAnuSAnSFH25o0o58ImVE4pEs5O?usp=share_link\">fotos!<\/a><\/p>\n","protected":false},"excerpt":{"rendered":"<p>Estimades fam\u00edlies,<br \/>\nAvui els nens i nenes de 1r i 2n, ens hem barrejat per fer grups interactius, s&#8217;ho han passat genial, les activitats que hem realitzat son:<\/p>\n<ul>\n<li>Il\u00b7lusi\u00f3 \u00f2ptica: On el sentit de la vista ens ha fet percebre que un peix gran es menjava a&hellip;  <a href=\"https:\/\/agora.xtec.cat\/ceip-jruyra-l-h\/primaria\/gi-internivell-nadal-1r-i-2n\/\" title=\"Read GI Internivell Nadal 1r i 2n\">Llegeix m\u00e9s\u00bb<\/a><br \/>\n","protected":false},"author":51,"featured_media":16144,"comment_status":"open","ping_status":"closed","sticky":false,"template":"","format":"standard","meta":{"_bbp_topic_count":0,"_bbp_reply_count":0,"_bbp_total_topic_count":0,"_bbp_total_reply_count":0,"_bbp_voice_count":0,"_bbp_anonymous_reply_count":0,"_bbp_topic_count_hidden":0,"_bbp_reply_count_hidden":0,"_bbp_forum_subforum_count":0,"footnotes":""},"categories":[10,11,5],"tags":[],"class_list":["post-16143","post","type-post","status-publish","format-standard","has-post-thumbnail","hentry","category-1r","category-2n","category-primaria"],"post_mailing_queue_ids":[],"_links":{"self":[{"href":"https:\/\/agora.xtec.cat\/ceip-jruyra-l-h\/wp-json\/wp\/v2\/posts\/16143","targetHints":{"allow":["GET"]}}],"collection":[{"href":"https:\/\/agora.xtec.cat\/ceip-jruyra-l-h\/wp-json\/wp\/v2\/posts"}],"about":[{"href":"https:\/\/agora.xtec.cat\/ceip-jruyra-l-h\/wp-json\/wp\/v2\/types\/post"}],"author":[{"embeddable":true,"href":"https:\/\/agora.xtec.cat\/ceip-jruyra-l-h\/wp-json\/wp\/v2\/users\/51"}],"replies":[{"embeddable":true,"href":"https:\/\/agora.xtec.cat\/ceip-jruyra-l-h\/wp-json\/wp\/v2\/comments?post=16143"}],"version-history":[{"count":1,"href":"https:\/\/agora.xtec.cat\/ceip-jruyra-l-h\/wp-json\/wp\/v2\/posts\/16143\/revisions"}],"predecessor-version":[{"id":16145,"href":"https:\/\/agora.xtec.cat\/ceip-jruyra-l-h\/wp-json\/wp\/v2\/posts\/16143\/revisions\/16145"}],"wp:featuredmedia":[{"embeddable":true,"href":"https:\/\/agora.xtec.cat\/ceip-jruyra-l-h\/wp-json\/wp\/v2\/media\/16144"}],"wp:attachment":[{"href":"https:\/\/agora.xtec.cat\/ceip-jruyra-l-h\/wp-json\/wp\/v2\/media?parent=16143"}],"wp:term":[{"taxonomy":"category","embeddable":true,"href":"https:\/\/agora.xtec.cat\/ceip-jruyra-l-h\/wp-json\/wp\/v2\/categories?post=16143"},{"taxonomy":"post_tag","embeddable":true,"href":"https:\/\/agora.xtec.cat\/ceip-jruyra-l-h\/wp-json\/wp\/v2\/tags?post=16143"}],"curies":[{"name":"wp","href":"https:\/\/api.w.org\/{rel}","templated":true}]}}