{"id":16134,"date":"2024-12-15T21:34:20","date_gmt":"2024-12-15T20:34:20","guid":{"rendered":"https:\/\/agora.xtec.cat\/ceip-jruyra-l-h\/?p=16134"},"modified":"2024-12-15T21:34:20","modified_gmt":"2024-12-15T20:34:20","slug":"i4c-sortida-can-montcau","status":"publish","type":"post","link":"https:\/\/agora.xtec.cat\/ceip-jruyra-l-h\/infantil\/i4\/i4c-sortida-can-montcau\/","title":{"rendered":"I4C Sortida Can Montcau"},"content":{"rendered":"<p><img loading=\"lazy\" decoding=\"async\" class=\"alignnone size-full wp-image-16074\" src=\"https:\/\/agora.xtec.cat\/ceip-jruyra-l-h\/wp-content\/uploads\/usu2049\/2024\/11\/Casa-225x169-Can-Montcau.jpg\" alt=\"\" width=\"225\" height=\"169\" srcset=\"https:\/\/agora.xtec.cat\/ceip-jruyra-l-h\/wp-content\/uploads\/usu2049\/2024\/11\/Casa-225x169-Can-Montcau.jpg 225w, https:\/\/agora.xtec.cat\/ceip-jruyra-l-h\/wp-content\/uploads\/usu2049\/2024\/11\/Casa-225x169-Can-Montcau-200x150.jpg 200w\" sizes=\"auto, (max-width: 225px) 100vw, 225px\" \/><\/p>\n<p>Apreciades fam\u00edlies,<\/p>\n<p>El passat 20 de novembre tot I4 i I5 vam poder realitzar la sortida a Can Montcau, ajornada pels grans aiguats.<\/p>\n<p>Despr\u00e9s d\u2019agafar forces esmorzant, I4 vam anar a fer panellets. Vam veure com fer la pasta de massap\u00e0 i vam fer les boletes de cadascun d\u2019ells. Tot seguit vam passejar pel bosc per anar a buscar un castanyer per poder collir castanyes. Les vam dur a la Maria Castanyera per a que les pogu\u00e9s coure a canvi de cantar-li la seva can\u00e7\u00f3 preferida. Vam dinar i de postres vam menjar les castanyes.<\/p>\n<p>Vam passar un dia per recordar.<\/p>\n<p>Podeu veure algunes fotos a l\u2019enlla\u00e7 seg\u00fcent:<\/p>\n<p><a href=\"https:\/\/drive.google.com\/drive\/folders\/1wrYU9rZk5AGregyyTJ3y4M3nJMYyzyP7?usp=sharing\">https:\/\/drive.google.com\/drive\/folders\/1wrYU9rZk5AGregyyTJ3y4M3nJMYyzyP7?usp=sharing<\/a><\/p>\n","protected":false},"excerpt":{"rendered":"<p>Apreciades fam\u00edlies,<br \/>\nEl passat 20 de novembre tot I4 i I5 vam poder realitzar la sortida a Can Montcau, ajornada pels grans aiguats.<br \/>\nDespr\u00e9s d\u2019agafar forces esmorzant, I4 vam anar a fer panellets. Vam veure com fer la pasta de massap\u00e0 i vam fer les boletes de&hellip;  <a href=\"https:\/\/agora.xtec.cat\/ceip-jruyra-l-h\/infantil\/i4\/i4c-sortida-can-montcau\/\" title=\"Read I4C Sortida Can Montcau\">Llegeix m\u00e9s\u00bb<\/a><\/p>\n","protected":false},"author":1,"featured_media":16074,"comment_status":"open","ping_status":"closed","sticky":false,"template":"","format":"standard","meta":{"_bbp_topic_count":0,"_bbp_reply_count":0,"_bbp_total_topic_count":0,"_bbp_total_reply_count":0,"_bbp_voice_count":0,"_bbp_anonymous_reply_count":0,"_bbp_topic_count_hidden":0,"_bbp_reply_count_hidden":0,"_bbp_forum_subforum_count":0,"footnotes":""},"categories":[8],"tags":[],"class_list":["post-16134","post","type-post","status-publish","format-standard","has-post-thumbnail","hentry","category-i4"],"post_mailing_queue_ids":[],"_links":{"self":[{"href":"https:\/\/agora.xtec.cat\/ceip-jruyra-l-h\/wp-json\/wp\/v2\/posts\/16134","targetHints":{"allow":["GET"]}}],"collection":[{"href":"https:\/\/agora.xtec.cat\/ceip-jruyra-l-h\/wp-json\/wp\/v2\/posts"}],"about":[{"href":"https:\/\/agora.xtec.cat\/ceip-jruyra-l-h\/wp-json\/wp\/v2\/types\/post"}],"author":[{"embeddable":true,"href":"https:\/\/agora.xtec.cat\/ceip-jruyra-l-h\/wp-json\/wp\/v2\/users\/1"}],"replies":[{"embeddable":true,"href":"https:\/\/agora.xtec.cat\/ceip-jruyra-l-h\/wp-json\/wp\/v2\/comments?post=16134"}],"version-history":[{"count":1,"href":"https:\/\/agora.xtec.cat\/ceip-jruyra-l-h\/wp-json\/wp\/v2\/posts\/16134\/revisions"}],"predecessor-version":[{"id":16135,"href":"https:\/\/agora.xtec.cat\/ceip-jruyra-l-h\/wp-json\/wp\/v2\/posts\/16134\/revisions\/16135"}],"wp:featuredmedia":[{"embeddable":true,"href":"https:\/\/agora.xtec.cat\/ceip-jruyra-l-h\/wp-json\/wp\/v2\/media\/16074"}],"wp:attachment":[{"href":"https:\/\/agora.xtec.cat\/ceip-jruyra-l-h\/wp-json\/wp\/v2\/media?parent=16134"}],"wp:term":[{"taxonomy":"category","embeddable":true,"href":"https:\/\/agora.xtec.cat\/ceip-jruyra-l-h\/wp-json\/wp\/v2\/categories?post=16134"},{"taxonomy":"post_tag","embeddable":true,"href":"https:\/\/agora.xtec.cat\/ceip-jruyra-l-h\/wp-json\/wp\/v2\/tags?post=16134"}],"curies":[{"name":"wp","href":"https:\/\/api.w.org\/{rel}","templated":true}]}}