{"id":16114,"date":"2024-12-17T13:30:21","date_gmt":"2024-12-17T12:30:21","guid":{"rendered":"https:\/\/agora.xtec.cat\/ceip-jruyra-l-h\/?p=16114"},"modified":"2025-02-16T12:21:14","modified_gmt":"2025-02-16T11:21:14","slug":"i3a-les-caputxetes-primer-trimestre-grups-interactius","status":"publish","type":"post","link":"https:\/\/agora.xtec.cat\/ceip-jruyra-l-h\/general\/i3a-les-caputxetes-primer-trimestre-grups-interactius\/","title":{"rendered":"I3A: Les Caputxetes &#8211; Primer trimestre grups interactius"},"content":{"rendered":"<p>Hola fam\u00edlies!<\/p>\n<p>Despr\u00e8s del primer mes d&#8217;escola i un cop totes i tots adaptades i adaptats, hem comen\u00e7at a fer Grups Interactius. Durant aquests mesos hem estat treballant molt. Vam comen\u00e7ar descobrint el color vermell i a recon\u00e8ixer el cercle. Tamb\u00e9 hem comen\u00e7at a treballar el n\u00famero 1.<\/p>\n<p>Fent grups interactius aprenem moltes coses noves, treballant d&#8217;aquesta manera ens podem ajudar uns als altres\u00a0\ud83d\ude0a.<\/p>\n<p>En el seg\u00fcent enlla\u00e7 trobareu totes les fotografies.<\/p>\n<p><a href=\"https:\/\/drive.google.com\/drive\/folders\/13UfdXdPKLfa_5SBf1zHJHIMM5FOGAQwl?usp=sharing\">https:\/\/drive.google.com\/drive\/folders\/13UfdXdPKLfa_5SBf1zHJHIMM5FOGAQwl?usp=sharing<\/a><\/p>\n<p>Seguim Caputxetes!!!!<\/p>\n","protected":false},"excerpt":{"rendered":"<p>Hola fam\u00edlies!<br \/>\nDespr\u00e8s del primer mes d&#8217;escola i un cop totes i tots adaptades i adaptats, hem comen\u00e7at a fer Grups Interactius. Durant aquests mesos hem estat treballant molt. Vam comen\u00e7ar descobrint el color vermell i a recon\u00e8ixer el cercle. Tamb\u00e9 hem comen\u00e7at a treballar el&hellip;  <a href=\"https:\/\/agora.xtec.cat\/ceip-jruyra-l-h\/general\/i3a-les-caputxetes-primer-trimestre-grups-interactius\/\" title=\"Read I3A: Les Caputxetes &#8211; Primer trimestre grups interactius\">Llegeix m\u00e9s\u00bb<\/a><\/p>\n","protected":false},"author":65,"featured_media":16115,"comment_status":"open","ping_status":"closed","sticky":false,"template":"","format":"standard","meta":{"_bbp_topic_count":0,"_bbp_reply_count":0,"_bbp_total_topic_count":0,"_bbp_total_reply_count":0,"_bbp_voice_count":0,"_bbp_anonymous_reply_count":0,"_bbp_topic_count_hidden":0,"_bbp_reply_count_hidden":0,"_bbp_forum_subforum_count":0,"footnotes":""},"categories":[60,1,3,4],"tags":[71,83,64],"class_list":["post-16114","post","type-post","status-publish","format-standard","has-post-thumbnail","hentry","category-cdaxarxa","category-general","category-i3","category-portada","tag-actuacions-educatives-dexit","tag-comunitats-daprenentatge","tag-grups-interactius"],"post_mailing_queue_ids":[],"_links":{"self":[{"href":"https:\/\/agora.xtec.cat\/ceip-jruyra-l-h\/wp-json\/wp\/v2\/posts\/16114","targetHints":{"allow":["GET"]}}],"collection":[{"href":"https:\/\/agora.xtec.cat\/ceip-jruyra-l-h\/wp-json\/wp\/v2\/posts"}],"about":[{"href":"https:\/\/agora.xtec.cat\/ceip-jruyra-l-h\/wp-json\/wp\/v2\/types\/post"}],"author":[{"embeddable":true,"href":"https:\/\/agora.xtec.cat\/ceip-jruyra-l-h\/wp-json\/wp\/v2\/users\/65"}],"replies":[{"embeddable":true,"href":"https:\/\/agora.xtec.cat\/ceip-jruyra-l-h\/wp-json\/wp\/v2\/comments?post=16114"}],"version-history":[{"count":1,"href":"https:\/\/agora.xtec.cat\/ceip-jruyra-l-h\/wp-json\/wp\/v2\/posts\/16114\/revisions"}],"predecessor-version":[{"id":16116,"href":"https:\/\/agora.xtec.cat\/ceip-jruyra-l-h\/wp-json\/wp\/v2\/posts\/16114\/revisions\/16116"}],"wp:featuredmedia":[{"embeddable":true,"href":"https:\/\/agora.xtec.cat\/ceip-jruyra-l-h\/wp-json\/wp\/v2\/media\/16115"}],"wp:attachment":[{"href":"https:\/\/agora.xtec.cat\/ceip-jruyra-l-h\/wp-json\/wp\/v2\/media?parent=16114"}],"wp:term":[{"taxonomy":"category","embeddable":true,"href":"https:\/\/agora.xtec.cat\/ceip-jruyra-l-h\/wp-json\/wp\/v2\/categories?post=16114"},{"taxonomy":"post_tag","embeddable":true,"href":"https:\/\/agora.xtec.cat\/ceip-jruyra-l-h\/wp-json\/wp\/v2\/tags?post=16114"}],"curies":[{"name":"wp","href":"https:\/\/api.w.org\/{rel}","templated":true}]}}