{"id":16094,"date":"2024-12-12T16:35:24","date_gmt":"2024-12-12T15:35:24","guid":{"rendered":"https:\/\/agora.xtec.cat\/ceip-jruyra-l-h\/?p=16094"},"modified":"2024-12-10T16:35:40","modified_gmt":"2024-12-10T15:35:40","slug":"ens-orientem-en-el-planol","status":"publish","type":"post","link":"https:\/\/agora.xtec.cat\/ceip-jruyra-l-h\/primaria\/2n\/ens-orientem-en-el-planol\/","title":{"rendered":"Ens orientem en el pl\u00e0nol!"},"content":{"rendered":"<p><span style=\"font-weight: 400;\">Gira a la dreta, despr\u00e9s a l\u2019esquerra; ara espera per continuar amunt i ara avall, finalment continua recta i ja haur\u00e0s arribat a la teva destinaci\u00f3 final. L\u2019alumnat de segon durant aquest primer trimestre hem estat aprofundint el m\u00f3n de la cartografia a trav\u00e9s dels mapes, pl\u00e0nols i recorreguts. Hem observat el pl\u00e0nol del nostre barri i com es configuren els diferents carrers creant la nostra pr\u00f2pia ciutat i definint els espais municipals. A la vegada, hem identificat que el nostre barri es troba a Hospitalet de Llobregat que forma part del Barcelon\u00e8s i despr\u00e9s de Catalunya. Hem investigat les nostres cases a trav\u00e9s de l\u2019aplicaci\u00f3 <\/span><i><span style=\"font-weight: 400;\">Google Maps, <\/span><\/i><span style=\"font-weight: 400;\">elaborant itineraris des de l\u2019escola a les nostres cases. <\/span><\/p>\n<p><img loading=\"lazy\" decoding=\"async\" class=\"alignnone wp-image-16098\" src=\"https:\/\/agora.xtec.cat\/ceip-jruyra-l-h\/wp-content\/uploads\/usu2049\/2024\/12\/La-nostra-ciutat.png\" alt=\"\" width=\"249\" height=\"294\" srcset=\"https:\/\/agora.xtec.cat\/ceip-jruyra-l-h\/wp-content\/uploads\/usu2049\/2024\/12\/La-nostra-ciutat.png 511w, https:\/\/agora.xtec.cat\/ceip-jruyra-l-h\/wp-content\/uploads\/usu2049\/2024\/12\/La-nostra-ciutat-254x300.png 254w\" sizes=\"auto, (max-width: 249px) 100vw, 249px\" \/><img loading=\"lazy\" decoding=\"async\" class=\"alignnone wp-image-16097\" src=\"https:\/\/agora.xtec.cat\/ceip-jruyra-l-h\/wp-content\/uploads\/usu2049\/2024\/12\/ciutat.png\" alt=\"\" width=\"476\" height=\"292\" srcset=\"https:\/\/agora.xtec.cat\/ceip-jruyra-l-h\/wp-content\/uploads\/usu2049\/2024\/12\/ciutat.png 871w, https:\/\/agora.xtec.cat\/ceip-jruyra-l-h\/wp-content\/uploads\/usu2049\/2024\/12\/ciutat-300x184.png 300w, https:\/\/agora.xtec.cat\/ceip-jruyra-l-h\/wp-content\/uploads\/usu2049\/2024\/12\/ciutat-768x471.png 768w\" sizes=\"auto, (max-width: 476px) 100vw, 476px\" \/><\/p>\n<p><span style=\"font-weight: 400;\">Per anar consolidant els nostres sabers, hem seguit diferents indicacions per trobar peces d\u2019un puzle que ens han ajudat a resoldre el misteri plantejat. Per acabar aquest projecte, ens hem dirigit al pati per dur a terme un recorregut a cegues, on amb l\u2019ajuda de les indicacions dels nostres companys\/es hem recorregut un circuit amb els ulls tapats i hem hagut de superar diferents obstacles per arribar al tram final. Ben fet exploradors i exploradores de segon!<\/span><\/p>\n<p><img loading=\"lazy\" decoding=\"async\" class=\"size-full wp-image-16096 aligncenter\" src=\"https:\/\/agora.xtec.cat\/ceip-jruyra-l-h\/wp-content\/uploads\/usu2049\/2024\/12\/planols.png\" alt=\"\" width=\"511\" height=\"477\" srcset=\"https:\/\/agora.xtec.cat\/ceip-jruyra-l-h\/wp-content\/uploads\/usu2049\/2024\/12\/planols.png 511w, https:\/\/agora.xtec.cat\/ceip-jruyra-l-h\/wp-content\/uploads\/usu2049\/2024\/12\/planols-300x280.png 300w\" sizes=\"auto, (max-width: 511px) 100vw, 511px\" \/><\/p>\n<p>Podeu gaudir de les nostres aventures a trav\u00e9s d&#8217;aquest enlla\u00e7:\u00a0<a href=\"https:\/\/drive.google.com\/file\/d\/1HU5fw6dVM9oyCGr8KflJbWkK4HQYUqdG\/view?usp=drive_link\">https:\/\/drive.google.com\/file\/d\/1HU5fw6dVM9oyCGr8KflJbWkK4HQYUqdG\/view?usp=drive_link<\/a><\/p>\n<p>&nbsp;<\/p>\n","protected":false},"excerpt":{"rendered":"<p>Gira a la dreta, despr\u00e9s a l\u2019esquerra; ara espera per continuar amunt i ara avall, finalment continua recta i ja haur\u00e0s arribat a la teva destinaci\u00f3 final. L\u2019alumnat de segon durant aquest primer trimestre hem estat aprofundint el m\u00f3n de la cartografia a trav\u00e9s dels&hellip;  <a href=\"https:\/\/agora.xtec.cat\/ceip-jruyra-l-h\/primaria\/2n\/ens-orientem-en-el-planol\/\" title=\"Read Ens orientem en el pl\u00e0nol!\">Llegeix m\u00e9s\u00bb<\/a><\/p>\n","protected":false},"author":71,"featured_media":16095,"comment_status":"open","ping_status":"closed","sticky":false,"template":"","format":"standard","meta":{"_bbp_topic_count":0,"_bbp_reply_count":0,"_bbp_total_topic_count":0,"_bbp_total_reply_count":0,"_bbp_voice_count":0,"_bbp_anonymous_reply_count":0,"_bbp_topic_count_hidden":0,"_bbp_reply_count_hidden":0,"_bbp_forum_subforum_count":0,"footnotes":""},"categories":[11],"tags":[],"class_list":["post-16094","post","type-post","status-publish","format-standard","has-post-thumbnail","hentry","category-2n"],"post_mailing_queue_ids":[],"_links":{"self":[{"href":"https:\/\/agora.xtec.cat\/ceip-jruyra-l-h\/wp-json\/wp\/v2\/posts\/16094","targetHints":{"allow":["GET"]}}],"collection":[{"href":"https:\/\/agora.xtec.cat\/ceip-jruyra-l-h\/wp-json\/wp\/v2\/posts"}],"about":[{"href":"https:\/\/agora.xtec.cat\/ceip-jruyra-l-h\/wp-json\/wp\/v2\/types\/post"}],"author":[{"embeddable":true,"href":"https:\/\/agora.xtec.cat\/ceip-jruyra-l-h\/wp-json\/wp\/v2\/users\/71"}],"replies":[{"embeddable":true,"href":"https:\/\/agora.xtec.cat\/ceip-jruyra-l-h\/wp-json\/wp\/v2\/comments?post=16094"}],"version-history":[{"count":2,"href":"https:\/\/agora.xtec.cat\/ceip-jruyra-l-h\/wp-json\/wp\/v2\/posts\/16094\/revisions"}],"predecessor-version":[{"id":16122,"href":"https:\/\/agora.xtec.cat\/ceip-jruyra-l-h\/wp-json\/wp\/v2\/posts\/16094\/revisions\/16122"}],"wp:featuredmedia":[{"embeddable":true,"href":"https:\/\/agora.xtec.cat\/ceip-jruyra-l-h\/wp-json\/wp\/v2\/media\/16095"}],"wp:attachment":[{"href":"https:\/\/agora.xtec.cat\/ceip-jruyra-l-h\/wp-json\/wp\/v2\/media?parent=16094"}],"wp:term":[{"taxonomy":"category","embeddable":true,"href":"https:\/\/agora.xtec.cat\/ceip-jruyra-l-h\/wp-json\/wp\/v2\/categories?post=16094"},{"taxonomy":"post_tag","embeddable":true,"href":"https:\/\/agora.xtec.cat\/ceip-jruyra-l-h\/wp-json\/wp\/v2\/tags?post=16094"}],"curies":[{"name":"wp","href":"https:\/\/api.w.org\/{rel}","templated":true}]}}