{"id":16089,"date":"2024-12-14T16:34:40","date_gmt":"2024-12-14T15:34:40","guid":{"rendered":"https:\/\/agora.xtec.cat\/ceip-jruyra-l-h\/?p=16089"},"modified":"2024-12-12T13:29:17","modified_gmt":"2024-12-12T12:29:17","slug":"rentat-les-dents","status":"publish","type":"post","link":"https:\/\/agora.xtec.cat\/ceip-jruyra-l-h\/primaria\/1r\/rentat-les-dents\/","title":{"rendered":"Renta&#8217;t les dents!"},"content":{"rendered":"<p style=\"text-align: center;\"><span style=\"font-weight: 400;\">Sabies que les restes de menjar fan forats a les dents i fan apar\u00e8ixer les c\u00e0ries?<\/span><\/p>\n<p><img loading=\"lazy\" decoding=\"async\" class=\"alignnone size-full wp-image-16090\" src=\"https:\/\/agora.xtec.cat\/ceip-jruyra-l-h\/wp-content\/uploads\/usu2049\/2024\/12\/rentat-les-dents.png\" alt=\"\" width=\"868\" height=\"663\" srcset=\"https:\/\/agora.xtec.cat\/ceip-jruyra-l-h\/wp-content\/uploads\/usu2049\/2024\/12\/rentat-les-dents.png 868w, https:\/\/agora.xtec.cat\/ceip-jruyra-l-h\/wp-content\/uploads\/usu2049\/2024\/12\/rentat-les-dents-300x229.png 300w, https:\/\/agora.xtec.cat\/ceip-jruyra-l-h\/wp-content\/uploads\/usu2049\/2024\/12\/rentat-les-dents-768x587.png 768w\" sizes=\"auto, (max-width: 868px) 100vw, 868px\" \/><\/p>\n<p><span style=\"font-weight: 400;\">Doncs l\u2019alumnat de 1r i 2n s\u2019han convertit en experts i expertes de la higiene bucodental. Ens hem dirigit a l&#8217;exposici\u00f3 &#8220;Cuida&#8217;t les dents&#8221; del Centre C\u00edvic de Santa Eul\u00e0lia, on ens han ensenyat aspectes importants sobre com s\u00f3n les nostres dents, com funcionen i hem comptat quantes dents tenim! A m\u00e9s a m\u00e9s, hem descobert els aliments que s\u00f3n amics de les c\u00e0ries i aquells que fan escut contra aquests monstres tan perillosos. Per acabar, hem posat a prova les nostres habilitats per rentar dents utilitzant raspall de dents gegant. Ens hem emportat una sorpresa, ja que hem rebut un obsequi molt especial un llibre d\u2019activitats i un raspall de dents de colors amb la seva pasta. Tots aquests aprenentatges han continuat a trav\u00e9s de grups interactius on hem estat consolidant aquests sabers a partir d\u2019un bingo dental, el llibre d\u2019activitats i la lectura de l\u2019\u00e0lbum il\u00b7lustrat <\/span><i><span style=\"font-weight: 400;\">\u201cEls monstres tamb\u00e9 es renten les dents\u201d<\/span><\/i><span style=\"font-weight: 400;\"> de Jessica Martinello.<\/span><\/p>\n<p><img loading=\"lazy\" decoding=\"async\" class=\"size-full wp-image-16092 aligncenter\" src=\"https:\/\/agora.xtec.cat\/ceip-jruyra-l-h\/wp-content\/uploads\/usu2049\/2024\/12\/monstresss.jpg\" alt=\"\" width=\"300\" height=\"168\" \/><\/p>\n<p><span style=\"font-weight: 400;\">No oblideu que \u00e9s molt important que cuideu les vostres dents i les raspalleu tres cops al dia durant 2 minuts, perqu\u00e8 si no el monstre de les c\u00e0ries us atacar\u00e0!<\/span><\/p>\n<p>Podeu veure la nostra aventura seguint aquest enlla\u00e7:\u00a0<a href=\"https:\/\/drive.google.com\/drive\/folders\/1mX_QL4jLDOwyL0l3adQVvr3G6au2lEMY?usp=drive_link\">https:\/\/drive.google.com\/drive\/folders\/1mX_QL4jLDOwyL0l3adQVvr3G6au2lEMY?usp=drive_link<\/a><\/p>\n<p>&nbsp;<\/p>\n","protected":false},"excerpt":{"rendered":"<p>Sabies que les restes de menjar fan forats a les dents i fan apar\u00e8ixer les c\u00e0ries?<\/p>\n<p>Doncs l\u2019alumnat de 1r i 2n s\u2019han convertit en experts i expertes de la higiene bucodental. Ens hem dirigit a l&#8217;exposici\u00f3 &#8220;Cuida&#8217;t les dents&#8221; del Centre C\u00edvic de Santa Eul\u00e0lia,&hellip;  <a href=\"https:\/\/agora.xtec.cat\/ceip-jruyra-l-h\/primaria\/1r\/rentat-les-dents\/\" title=\"Read Renta&#8217;t les dents!\">Llegeix m\u00e9s\u00bb<\/a><\/p>\n","protected":false},"author":71,"featured_media":16091,"comment_status":"open","ping_status":"closed","sticky":false,"template":"","format":"standard","meta":{"_bbp_topic_count":0,"_bbp_reply_count":0,"_bbp_total_topic_count":0,"_bbp_total_reply_count":0,"_bbp_voice_count":0,"_bbp_anonymous_reply_count":0,"_bbp_topic_count_hidden":0,"_bbp_reply_count_hidden":0,"_bbp_forum_subforum_count":0,"footnotes":""},"categories":[10,11],"tags":[],"class_list":["post-16089","post","type-post","status-publish","format-standard","has-post-thumbnail","hentry","category-1r","category-2n"],"post_mailing_queue_ids":[],"_links":{"self":[{"href":"https:\/\/agora.xtec.cat\/ceip-jruyra-l-h\/wp-json\/wp\/v2\/posts\/16089","targetHints":{"allow":["GET"]}}],"collection":[{"href":"https:\/\/agora.xtec.cat\/ceip-jruyra-l-h\/wp-json\/wp\/v2\/posts"}],"about":[{"href":"https:\/\/agora.xtec.cat\/ceip-jruyra-l-h\/wp-json\/wp\/v2\/types\/post"}],"author":[{"embeddable":true,"href":"https:\/\/agora.xtec.cat\/ceip-jruyra-l-h\/wp-json\/wp\/v2\/users\/71"}],"replies":[{"embeddable":true,"href":"https:\/\/agora.xtec.cat\/ceip-jruyra-l-h\/wp-json\/wp\/v2\/comments?post=16089"}],"version-history":[{"count":2,"href":"https:\/\/agora.xtec.cat\/ceip-jruyra-l-h\/wp-json\/wp\/v2\/posts\/16089\/revisions"}],"predecessor-version":[{"id":16121,"href":"https:\/\/agora.xtec.cat\/ceip-jruyra-l-h\/wp-json\/wp\/v2\/posts\/16089\/revisions\/16121"}],"wp:featuredmedia":[{"embeddable":true,"href":"https:\/\/agora.xtec.cat\/ceip-jruyra-l-h\/wp-json\/wp\/v2\/media\/16091"}],"wp:attachment":[{"href":"https:\/\/agora.xtec.cat\/ceip-jruyra-l-h\/wp-json\/wp\/v2\/media?parent=16089"}],"wp:term":[{"taxonomy":"category","embeddable":true,"href":"https:\/\/agora.xtec.cat\/ceip-jruyra-l-h\/wp-json\/wp\/v2\/categories?post=16089"},{"taxonomy":"post_tag","embeddable":true,"href":"https:\/\/agora.xtec.cat\/ceip-jruyra-l-h\/wp-json\/wp\/v2\/tags?post=16089"}],"curies":[{"name":"wp","href":"https:\/\/api.w.org\/{rel}","templated":true}]}}