{"id":16052,"date":"2024-11-28T11:51:12","date_gmt":"2024-11-28T10:51:12","guid":{"rendered":"https:\/\/agora.xtec.cat\/ceip-jruyra-l-h\/?p=16052"},"modified":"2024-11-27T11:51:32","modified_gmt":"2024-11-27T10:51:32","slug":"contacontes-a-lescola","status":"publish","type":"post","link":"https:\/\/agora.xtec.cat\/ceip-jruyra-l-h\/primaria\/contacontes-a-lescola\/","title":{"rendered":"Contacontes a l&#8217;escola!"},"content":{"rendered":"<p style=\"text-align: center;\">Hola fam\u00edlies! El passat dimarts 19 de novembre, l&#8217;alumnat de 1r ens hem dirigit a la biblioteca de l&#8217;escola a escoltar un contacontes. La Sol ens ha explicat dos contes: un sobre el medi ambient i l&#8217;altre sobre el reciclatge. Ens ho hem passat d&#8217;all\u00f2 m\u00e9s b\u00e9!<\/p>\n<p>A continuaci\u00f3, us deixem algunes <a href=\"https:\/\/drive.google.com\/drive\/folders\/1V4TUvDSbVNIowLZ8AjxXWTn3BIhw62B4\">fotografies<\/a>.<\/p>\n<p><img loading=\"lazy\" decoding=\"async\" class=\"wp-image-16057 aligncenter\" src=\"https:\/\/agora.xtec.cat\/ceip-jruyra-l-h\/wp-content\/uploads\/usu2049\/2024\/11\/1732646683213-1-1024x576.jpg\" alt=\"\" width=\"326\" height=\"183\" srcset=\"https:\/\/agora.xtec.cat\/ceip-jruyra-l-h\/wp-content\/uploads\/usu2049\/2024\/11\/1732646683213-1-1024x576.jpg 1024w, https:\/\/agora.xtec.cat\/ceip-jruyra-l-h\/wp-content\/uploads\/usu2049\/2024\/11\/1732646683213-1-300x169.jpg 300w, https:\/\/agora.xtec.cat\/ceip-jruyra-l-h\/wp-content\/uploads\/usu2049\/2024\/11\/1732646683213-1-768x432.jpg 768w, https:\/\/agora.xtec.cat\/ceip-jruyra-l-h\/wp-content\/uploads\/usu2049\/2024\/11\/1732646683213-1-1536x864.jpg 1536w, https:\/\/agora.xtec.cat\/ceip-jruyra-l-h\/wp-content\/uploads\/usu2049\/2024\/11\/1732646683213-1.jpg 1600w\" sizes=\"auto, (max-width: 326px) 100vw, 326px\" \/><\/p>\n","protected":false},"excerpt":{"rendered":"<p>Hola fam\u00edlies! El passat dimarts 19 de novembre, l&#8217;alumnat de 1r ens hem dirigit a la biblioteca de l&#8217;escola a escoltar un contacontes. La Sol ens ha explicat dos contes: un sobre el medi ambient i l&#8217;altre sobre el reciclatge. Ens ho hem passat d&#8217;all\u00f2&hellip;  <a href=\"https:\/\/agora.xtec.cat\/ceip-jruyra-l-h\/primaria\/contacontes-a-lescola\/\" title=\"Read Contacontes a l&#8217;escola!\">Llegeix m\u00e9s\u00bb<\/a><\/p>\n","protected":false},"author":72,"featured_media":16057,"comment_status":"open","ping_status":"closed","sticky":false,"template":"","format":"standard","meta":{"_bbp_topic_count":0,"_bbp_reply_count":0,"_bbp_total_topic_count":0,"_bbp_total_reply_count":0,"_bbp_voice_count":0,"_bbp_anonymous_reply_count":0,"_bbp_topic_count_hidden":0,"_bbp_reply_count_hidden":0,"_bbp_forum_subforum_count":0,"footnotes":""},"categories":[10,5],"tags":[],"class_list":["post-16052","post","type-post","status-publish","format-standard","has-post-thumbnail","hentry","category-1r","category-primaria"],"post_mailing_queue_ids":[],"_links":{"self":[{"href":"https:\/\/agora.xtec.cat\/ceip-jruyra-l-h\/wp-json\/wp\/v2\/posts\/16052","targetHints":{"allow":["GET"]}}],"collection":[{"href":"https:\/\/agora.xtec.cat\/ceip-jruyra-l-h\/wp-json\/wp\/v2\/posts"}],"about":[{"href":"https:\/\/agora.xtec.cat\/ceip-jruyra-l-h\/wp-json\/wp\/v2\/types\/post"}],"author":[{"embeddable":true,"href":"https:\/\/agora.xtec.cat\/ceip-jruyra-l-h\/wp-json\/wp\/v2\/users\/72"}],"replies":[{"embeddable":true,"href":"https:\/\/agora.xtec.cat\/ceip-jruyra-l-h\/wp-json\/wp\/v2\/comments?post=16052"}],"version-history":[{"count":6,"href":"https:\/\/agora.xtec.cat\/ceip-jruyra-l-h\/wp-json\/wp\/v2\/posts\/16052\/revisions"}],"predecessor-version":[{"id":16060,"href":"https:\/\/agora.xtec.cat\/ceip-jruyra-l-h\/wp-json\/wp\/v2\/posts\/16052\/revisions\/16060"}],"wp:featuredmedia":[{"embeddable":true,"href":"https:\/\/agora.xtec.cat\/ceip-jruyra-l-h\/wp-json\/wp\/v2\/media\/16057"}],"wp:attachment":[{"href":"https:\/\/agora.xtec.cat\/ceip-jruyra-l-h\/wp-json\/wp\/v2\/media?parent=16052"}],"wp:term":[{"taxonomy":"category","embeddable":true,"href":"https:\/\/agora.xtec.cat\/ceip-jruyra-l-h\/wp-json\/wp\/v2\/categories?post=16052"},{"taxonomy":"post_tag","embeddable":true,"href":"https:\/\/agora.xtec.cat\/ceip-jruyra-l-h\/wp-json\/wp\/v2\/tags?post=16052"}],"curies":[{"name":"wp","href":"https:\/\/api.w.org\/{rel}","templated":true}]}}