{"id":16043,"date":"2024-11-26T10:00:13","date_gmt":"2024-11-26T09:00:13","guid":{"rendered":"https:\/\/agora.xtec.cat\/ceip-jruyra-l-h\/?p=16043"},"modified":"2024-11-25T10:02:04","modified_gmt":"2024-11-25T09:02:04","slug":"sortida-a-can-montcau","status":"publish","type":"post","link":"https:\/\/agora.xtec.cat\/ceip-jruyra-l-h\/infantil\/i5\/sortida-a-can-montcau\/","title":{"rendered":"Sortida a Can Montcau"},"content":{"rendered":"<p>Estimades fam\u00edlies,<\/p>\n<p>El passat 20 de novembre vam poder realitzar la sortida a Can Montcau que va ser ajornada per les grans pluges.<\/p>\n<p>Quan vam arribar a la muntanya, vam fer una passejada pel bosc i els monitors ens van anar ensenyant els diferents arbres i arbustos que trob\u00e0vem pel cam\u00ed com ara; roures, alzines, pins i fins i tot, un castanyer. Vam tenir la sort de poder collir moltes castanyes.<\/p>\n<p>I quan menys ho esper\u00e0vem ens vam trobar amb la Maria Castanyera. Estava adormida al bosc i vam despertar-la cantant-li una can\u00e7\u00f3. Va ser molt divertit!<\/p>\n<p>Despr\u00e9s ens van ensenyar a fer panellets. Per fer les boletes vam fer servir farina d&#8217;ametlla, sucre i moniatos. I per guarnir-los vam ficar-li xocolata en pols, cireres i ametlles. Posteriorment, els monitors ens van mostrar un forn de llenya os es courien els nostres panellets. Van quedar bon\u00edssims!<\/p>\n<p>Finalment, fent una gran rotllana, tots plegats, vam ballar i la Maria ens va donar les castanyes torrades.<\/p>\n<p>Vam passar un dia fant\u00e0stic envoltats de natura i noves experi\u00e8ncies.<\/p>\n<p>Us deixem un recull de <a href=\"https:\/\/drive.google.com\/drive\/folders\/1RfTxZa8gO0FRJQzsBX1QsOUWR3H-2elG?usp=sharing\">fotografies<\/a> per a que ho pugeu veure.<\/p>\n<p>&nbsp;<\/p>\n","protected":false},"excerpt":{"rendered":"<p>Estimades fam\u00edlies,<br \/>\nEl passat 20 de novembre vam poder realitzar la sortida a Can Montcau que va ser ajornada per les grans pluges.<br \/>\nQuan vam arribar a la muntanya, vam fer una passejada pel bosc i els monitors ens van anar ensenyant els diferents arbres i arbustos&hellip;  <a href=\"https:\/\/agora.xtec.cat\/ceip-jruyra-l-h\/infantil\/i5\/sortida-a-can-montcau\/\" title=\"Read Sortida a Can Montcau\">Llegeix m\u00e9s\u00bb<\/a><\/p>\n","protected":false},"author":63,"featured_media":16045,"comment_status":"open","ping_status":"closed","sticky":false,"template":"","format":"standard","meta":{"_bbp_topic_count":0,"_bbp_reply_count":0,"_bbp_total_topic_count":0,"_bbp_total_reply_count":0,"_bbp_voice_count":0,"_bbp_anonymous_reply_count":0,"_bbp_topic_count_hidden":0,"_bbp_reply_count_hidden":0,"_bbp_forum_subforum_count":0,"footnotes":""},"categories":[9],"tags":[],"class_list":["post-16043","post","type-post","status-publish","format-standard","has-post-thumbnail","hentry","category-i5"],"post_mailing_queue_ids":[],"_links":{"self":[{"href":"https:\/\/agora.xtec.cat\/ceip-jruyra-l-h\/wp-json\/wp\/v2\/posts\/16043","targetHints":{"allow":["GET"]}}],"collection":[{"href":"https:\/\/agora.xtec.cat\/ceip-jruyra-l-h\/wp-json\/wp\/v2\/posts"}],"about":[{"href":"https:\/\/agora.xtec.cat\/ceip-jruyra-l-h\/wp-json\/wp\/v2\/types\/post"}],"author":[{"embeddable":true,"href":"https:\/\/agora.xtec.cat\/ceip-jruyra-l-h\/wp-json\/wp\/v2\/users\/63"}],"replies":[{"embeddable":true,"href":"https:\/\/agora.xtec.cat\/ceip-jruyra-l-h\/wp-json\/wp\/v2\/comments?post=16043"}],"version-history":[{"count":1,"href":"https:\/\/agora.xtec.cat\/ceip-jruyra-l-h\/wp-json\/wp\/v2\/posts\/16043\/revisions"}],"predecessor-version":[{"id":16046,"href":"https:\/\/agora.xtec.cat\/ceip-jruyra-l-h\/wp-json\/wp\/v2\/posts\/16043\/revisions\/16046"}],"wp:featuredmedia":[{"embeddable":true,"href":"https:\/\/agora.xtec.cat\/ceip-jruyra-l-h\/wp-json\/wp\/v2\/media\/16045"}],"wp:attachment":[{"href":"https:\/\/agora.xtec.cat\/ceip-jruyra-l-h\/wp-json\/wp\/v2\/media?parent=16043"}],"wp:term":[{"taxonomy":"category","embeddable":true,"href":"https:\/\/agora.xtec.cat\/ceip-jruyra-l-h\/wp-json\/wp\/v2\/categories?post=16043"},{"taxonomy":"post_tag","embeddable":true,"href":"https:\/\/agora.xtec.cat\/ceip-jruyra-l-h\/wp-json\/wp\/v2\/tags?post=16043"}],"curies":[{"name":"wp","href":"https:\/\/api.w.org\/{rel}","templated":true}]}}