{"id":16036,"date":"2024-11-25T13:31:24","date_gmt":"2024-11-25T12:31:24","guid":{"rendered":"https:\/\/agora.xtec.cat\/ceip-jruyra-l-h\/?p=16036"},"modified":"2024-11-21T13:31:57","modified_gmt":"2024-11-21T12:31:57","slug":"i3-tast-de-la-tardor","status":"publish","type":"post","link":"https:\/\/agora.xtec.cat\/ceip-jruyra-l-h\/infantil\/i3\/i3-tast-de-la-tardor\/","title":{"rendered":"I3: Tast de la Tardor"},"content":{"rendered":"<p>El divendres 15 de Novembre tota l\u2019etapa d\u2019Educaci\u00f3 Infantil va celebrar el Tast de la Tardor.<br \/>\nEls nens i les nenes d\u2019I3 van portat fruites i fruits secs. Vam fer un taller totes i tots junts i vam fer un esmorzar ben saludable.<\/p>\n<p>Hem apr\u00e8s coses sobre les diferents fruites i fruits secs, els hem observat, tocat, olorat, hem buscar semblances i difer\u00e8ncies i despr\u00e8s hem pogut tastar-ho tot.<\/p>\n<p>En el seg\u00fcent enlla\u00e7 trobareu totes les fotos.<a href=\"https:\/\/drive.google.com\/drive\/folders\/1_xSh70iolzwB9bM1u_eJmWzMD6p7v1DH?usp=sharing\">https:\/\/drive.google.com\/drive\/folders\/1_xSh70iolzwB9bM1u_eJmWzMD6p7v1DH?usp=sharing<\/a><\/p>\n<p>Moltes gr\u00e0cies a totes i tots per la vostra col\u00b7laboraci\u00f3.<\/p>\n<p>Seguim Caputxetes i Dol\u00e7os i Dolces!<\/p>\n","protected":false},"excerpt":{"rendered":"<p>El divendres 15 de Novembre tota l\u2019etapa d\u2019Educaci\u00f3 Infantil va celebrar el Tast de la Tardor.<br \/>\nEls nens i les nenes d\u2019I3 van portat fruites i fruits secs. Vam fer un taller totes i tots junts i vam fer un esmorzar ben saludable.<br \/>\nHem apr\u00e8s coses sobre&hellip;  <a href=\"https:\/\/agora.xtec.cat\/ceip-jruyra-l-h\/infantil\/i3\/i3-tast-de-la-tardor\/\" title=\"Read I3: Tast de la Tardor\">Llegeix m\u00e9s\u00bb<\/a><\/p>\n","protected":false},"author":65,"featured_media":16037,"comment_status":"open","ping_status":"closed","sticky":false,"template":"","format":"standard","meta":{"_bbp_topic_count":0,"_bbp_reply_count":0,"_bbp_total_topic_count":0,"_bbp_total_reply_count":0,"_bbp_voice_count":0,"_bbp_anonymous_reply_count":0,"_bbp_topic_count_hidden":0,"_bbp_reply_count_hidden":0,"_bbp_forum_subforum_count":0,"footnotes":""},"categories":[3],"tags":[],"class_list":["post-16036","post","type-post","status-publish","format-standard","has-post-thumbnail","hentry","category-i3"],"post_mailing_queue_ids":[],"_links":{"self":[{"href":"https:\/\/agora.xtec.cat\/ceip-jruyra-l-h\/wp-json\/wp\/v2\/posts\/16036","targetHints":{"allow":["GET"]}}],"collection":[{"href":"https:\/\/agora.xtec.cat\/ceip-jruyra-l-h\/wp-json\/wp\/v2\/posts"}],"about":[{"href":"https:\/\/agora.xtec.cat\/ceip-jruyra-l-h\/wp-json\/wp\/v2\/types\/post"}],"author":[{"embeddable":true,"href":"https:\/\/agora.xtec.cat\/ceip-jruyra-l-h\/wp-json\/wp\/v2\/users\/65"}],"replies":[{"embeddable":true,"href":"https:\/\/agora.xtec.cat\/ceip-jruyra-l-h\/wp-json\/wp\/v2\/comments?post=16036"}],"version-history":[{"count":1,"href":"https:\/\/agora.xtec.cat\/ceip-jruyra-l-h\/wp-json\/wp\/v2\/posts\/16036\/revisions"}],"predecessor-version":[{"id":16038,"href":"https:\/\/agora.xtec.cat\/ceip-jruyra-l-h\/wp-json\/wp\/v2\/posts\/16036\/revisions\/16038"}],"wp:featuredmedia":[{"embeddable":true,"href":"https:\/\/agora.xtec.cat\/ceip-jruyra-l-h\/wp-json\/wp\/v2\/media\/16037"}],"wp:attachment":[{"href":"https:\/\/agora.xtec.cat\/ceip-jruyra-l-h\/wp-json\/wp\/v2\/media?parent=16036"}],"wp:term":[{"taxonomy":"category","embeddable":true,"href":"https:\/\/agora.xtec.cat\/ceip-jruyra-l-h\/wp-json\/wp\/v2\/categories?post=16036"},{"taxonomy":"post_tag","embeddable":true,"href":"https:\/\/agora.xtec.cat\/ceip-jruyra-l-h\/wp-json\/wp\/v2\/tags?post=16036"}],"curies":[{"name":"wp","href":"https:\/\/api.w.org\/{rel}","templated":true}]}}