{"id":16028,"date":"2024-11-22T07:01:58","date_gmt":"2024-11-22T06:01:58","guid":{"rendered":"https:\/\/agora.xtec.cat\/ceip-jruyra-l-h\/?p=16028"},"modified":"2024-11-19T07:04:02","modified_gmt":"2024-11-19T06:04:02","slug":"ens-manifestem-al-tecla-sala","status":"publish","type":"post","link":"https:\/\/agora.xtec.cat\/ceip-jruyra-l-h\/primaria\/1r\/ens-manifestem-al-tecla-sala\/","title":{"rendered":"Ens manifestem al Tecla Sala!"},"content":{"rendered":"<p><em><span style=\"font-weight: 400;\"><strong>Qu\u00e8 \u00e9s una manifestaci\u00f3?<\/strong> <\/span><\/em><span style=\"font-weight: 400;\">Doncs l\u2019alumnat de primer i segon de prim\u00e0ria han viscut aquesta immersiva experi\u00e8ncia al centre d\u2019art de l\u2019Hospitalet, Tecla Sala. L\u2019alumnat ha descobert les fotografies hist\u00f2riques de Pilar Aymerich: <\/span><i><span style=\"font-weight: 400;\">Mem\u00f2ria viscuda, <\/span><\/i><span style=\"font-weight: 400;\">on hem investigat les fotografies en blanc i negre, i a la vegada sobre la reivindicaci\u00f3 i les manifestacions. Tot i que, s\u00f3n temes dif\u00edcils per a nosaltres i ens hem esfor\u00e7at per entendre amb l\u2019ajuda d\u2019un conte i activitats din\u00e0miques hem pogut apropar-nos a entendre a l\u2019artista. Amb c\u00e0meres de calor, retoladors m\u00e0gics i cartells ens hem manifestat per reivindicar: <\/span><i><span style=\"font-weight: 400;\">\u201cMenys bombes nuclears\u201d, \u201cCuidem als animals\u201d, \u201cLes platges sim\u00e8triques\u201d<\/span><\/i><span style=\"font-weight: 400;\">; entre molts altres temes. L\u2019alumnat ha gaudit fent les pancartes i sortint al carrer amb les seves idees. No deixeu mai de lluitar pels vostres drets! Podeu veure la nostra manifestaci\u00f3 a les <a href=\"https:\/\/drive.google.com\/drive\/folders\/1Z3pH3gxPCJpCdy9XUx79W3y84cfgGbA7?usp=drive_link\">fotografies<\/a> recollides per les nostres mestres.<\/span><\/p>\n<p>&nbsp;<\/p>\n","protected":false},"excerpt":{"rendered":"<p>Qu\u00e8 \u00e9s una manifestaci\u00f3? Doncs l\u2019alumnat de primer i segon de prim\u00e0ria han viscut aquesta immersiva experi\u00e8ncia al centre d\u2019art de l\u2019Hospitalet, Tecla Sala. L\u2019alumnat ha descobert les fotografies hist\u00f2riques de Pilar Aymerich: Mem\u00f2ria viscuda, on hem investigat les fotografies en blanc i negre, i&hellip;  <a href=\"https:\/\/agora.xtec.cat\/ceip-jruyra-l-h\/primaria\/1r\/ens-manifestem-al-tecla-sala\/\" title=\"Read Ens manifestem al Tecla Sala!\">Llegeix m\u00e9s\u00bb<\/a><\/p>\n","protected":false},"author":71,"featured_media":16029,"comment_status":"open","ping_status":"closed","sticky":false,"template":"","format":"standard","meta":{"_bbp_topic_count":0,"_bbp_reply_count":0,"_bbp_total_topic_count":0,"_bbp_total_reply_count":0,"_bbp_voice_count":0,"_bbp_anonymous_reply_count":0,"_bbp_topic_count_hidden":0,"_bbp_reply_count_hidden":0,"_bbp_forum_subforum_count":0,"footnotes":""},"categories":[10,11],"tags":[],"class_list":["post-16028","post","type-post","status-publish","format-standard","has-post-thumbnail","hentry","category-1r","category-2n"],"post_mailing_queue_ids":[],"_links":{"self":[{"href":"https:\/\/agora.xtec.cat\/ceip-jruyra-l-h\/wp-json\/wp\/v2\/posts\/16028","targetHints":{"allow":["GET"]}}],"collection":[{"href":"https:\/\/agora.xtec.cat\/ceip-jruyra-l-h\/wp-json\/wp\/v2\/posts"}],"about":[{"href":"https:\/\/agora.xtec.cat\/ceip-jruyra-l-h\/wp-json\/wp\/v2\/types\/post"}],"author":[{"embeddable":true,"href":"https:\/\/agora.xtec.cat\/ceip-jruyra-l-h\/wp-json\/wp\/v2\/users\/71"}],"replies":[{"embeddable":true,"href":"https:\/\/agora.xtec.cat\/ceip-jruyra-l-h\/wp-json\/wp\/v2\/comments?post=16028"}],"version-history":[{"count":2,"href":"https:\/\/agora.xtec.cat\/ceip-jruyra-l-h\/wp-json\/wp\/v2\/posts\/16028\/revisions"}],"predecessor-version":[{"id":16031,"href":"https:\/\/agora.xtec.cat\/ceip-jruyra-l-h\/wp-json\/wp\/v2\/posts\/16028\/revisions\/16031"}],"wp:featuredmedia":[{"embeddable":true,"href":"https:\/\/agora.xtec.cat\/ceip-jruyra-l-h\/wp-json\/wp\/v2\/media\/16029"}],"wp:attachment":[{"href":"https:\/\/agora.xtec.cat\/ceip-jruyra-l-h\/wp-json\/wp\/v2\/media?parent=16028"}],"wp:term":[{"taxonomy":"category","embeddable":true,"href":"https:\/\/agora.xtec.cat\/ceip-jruyra-l-h\/wp-json\/wp\/v2\/categories?post=16028"},{"taxonomy":"post_tag","embeddable":true,"href":"https:\/\/agora.xtec.cat\/ceip-jruyra-l-h\/wp-json\/wp\/v2\/tags?post=16028"}],"curies":[{"name":"wp","href":"https:\/\/api.w.org\/{rel}","templated":true}]}}