{"id":16004,"date":"2024-11-19T15:51:12","date_gmt":"2024-11-19T14:51:12","guid":{"rendered":"https:\/\/agora.xtec.cat\/ceip-jruyra-l-h\/?p=16004"},"modified":"2024-11-18T15:51:28","modified_gmt":"2024-11-18T14:51:28","slug":"i4-tast-de-la-tardor-2","status":"publish","type":"post","link":"https:\/\/agora.xtec.cat\/ceip-jruyra-l-h\/infantil\/i4\/i4-tast-de-la-tardor-2\/","title":{"rendered":"I4: TAST DE LA TARDOR"},"content":{"rendered":"<p><img loading=\"lazy\" decoding=\"async\" class=\"alignnone size-full wp-image-16005\" src=\"https:\/\/agora.xtec.cat\/ceip-jruyra-l-h\/wp-content\/uploads\/usu2049\/2024\/11\/frutas_de_otoXXo-1.jpg\" alt=\"\" width=\"450\" height=\"300\" srcset=\"https:\/\/agora.xtec.cat\/ceip-jruyra-l-h\/wp-content\/uploads\/usu2049\/2024\/11\/frutas_de_otoXXo-1.jpg 450w, https:\/\/agora.xtec.cat\/ceip-jruyra-l-h\/wp-content\/uploads\/usu2049\/2024\/11\/frutas_de_otoXXo-1-300x200.jpg 300w\" sizes=\"auto, (max-width: 450px) 100vw, 450px\" \/><\/p>\n<p>El divendres 15 de Novembre tota l\u2019etapa d\u2019Educaci\u00f3 Infantil va celebrar el Tast de la Tardor.<br \/>\nEls nens i les nenes d\u2019I4 han portat fruites i fruits secs d\u2019aquesta estaci\u00f3 i ens hem ajuntat per fer un esmorzar ben saludable. All\u00e0 hem apr\u00e8s coses sobre les diferents fruites i fruits secs, els hem observat, tocat, olorat, hem buscar semblances i difer\u00e8ncies i despr\u00e8s hem pogut tastat tot el que hav\u00edem portat.<br \/>\nEns ha encantat aquest tastet ja que hem descobert nous sabors i el m\u00e9s important, els hem compartit amb amics i amigues.<br \/>\nPer veure com va ser aquest tast conjunt de Tardor, cliqueu en el seg\u00fcent enlla\u00e7:\u00a0<a href=\"https:\/\/drive.google.com\/drive\/folders\/1xjg8VZbuCwXG7NAwyiWdOYZJJqrLDEZw?usp=sharing\">https:\/\/drive.google.com\/drive\/folders\/1xjg8VZbuCwXG7NAwyiWdOYZJJqrLDEZw?usp=sharing<\/a><\/p>\n","protected":false},"excerpt":{"rendered":"<p>El divendres 15 de Novembre tota l\u2019etapa d\u2019Educaci\u00f3 Infantil va celebrar el Tast de la Tardor.<br \/>\nEls nens i les nenes d\u2019I4 han portat fruites i fruits secs d\u2019aquesta estaci\u00f3 i ens hem ajuntat per fer un esmorzar ben saludable. All\u00e0 hem apr\u00e8s coses sobre les&hellip;  <a href=\"https:\/\/agora.xtec.cat\/ceip-jruyra-l-h\/infantil\/i4\/i4-tast-de-la-tardor-2\/\" title=\"Read I4: TAST DE LA TARDOR\">Llegeix m\u00e9s\u00bb<\/a><\/p>\n","protected":false},"author":37,"featured_media":16005,"comment_status":"open","ping_status":"closed","sticky":false,"template":"","format":"standard","meta":{"_bbp_topic_count":0,"_bbp_reply_count":0,"_bbp_total_topic_count":0,"_bbp_total_reply_count":0,"_bbp_voice_count":0,"_bbp_anonymous_reply_count":0,"_bbp_topic_count_hidden":0,"_bbp_reply_count_hidden":0,"_bbp_forum_subforum_count":0,"footnotes":""},"categories":[8],"tags":[],"class_list":["post-16004","post","type-post","status-publish","format-standard","has-post-thumbnail","hentry","category-i4"],"post_mailing_queue_ids":[],"_links":{"self":[{"href":"https:\/\/agora.xtec.cat\/ceip-jruyra-l-h\/wp-json\/wp\/v2\/posts\/16004","targetHints":{"allow":["GET"]}}],"collection":[{"href":"https:\/\/agora.xtec.cat\/ceip-jruyra-l-h\/wp-json\/wp\/v2\/posts"}],"about":[{"href":"https:\/\/agora.xtec.cat\/ceip-jruyra-l-h\/wp-json\/wp\/v2\/types\/post"}],"author":[{"embeddable":true,"href":"https:\/\/agora.xtec.cat\/ceip-jruyra-l-h\/wp-json\/wp\/v2\/users\/37"}],"replies":[{"embeddable":true,"href":"https:\/\/agora.xtec.cat\/ceip-jruyra-l-h\/wp-json\/wp\/v2\/comments?post=16004"}],"version-history":[{"count":1,"href":"https:\/\/agora.xtec.cat\/ceip-jruyra-l-h\/wp-json\/wp\/v2\/posts\/16004\/revisions"}],"predecessor-version":[{"id":16006,"href":"https:\/\/agora.xtec.cat\/ceip-jruyra-l-h\/wp-json\/wp\/v2\/posts\/16004\/revisions\/16006"}],"wp:featuredmedia":[{"embeddable":true,"href":"https:\/\/agora.xtec.cat\/ceip-jruyra-l-h\/wp-json\/wp\/v2\/media\/16005"}],"wp:attachment":[{"href":"https:\/\/agora.xtec.cat\/ceip-jruyra-l-h\/wp-json\/wp\/v2\/media?parent=16004"}],"wp:term":[{"taxonomy":"category","embeddable":true,"href":"https:\/\/agora.xtec.cat\/ceip-jruyra-l-h\/wp-json\/wp\/v2\/categories?post=16004"},{"taxonomy":"post_tag","embeddable":true,"href":"https:\/\/agora.xtec.cat\/ceip-jruyra-l-h\/wp-json\/wp\/v2\/tags?post=16004"}],"curies":[{"name":"wp","href":"https:\/\/api.w.org\/{rel}","templated":true}]}}