{"id":15877,"date":"2024-10-31T20:09:51","date_gmt":"2024-10-31T19:09:51","guid":{"rendered":"https:\/\/agora.xtec.cat\/ceip-jruyra-l-h\/?p=15877"},"modified":"2024-10-27T20:10:03","modified_gmt":"2024-10-27T19:10:03","slug":"sortida-teatre-a-cicle-inicial","status":"publish","type":"post","link":"https:\/\/agora.xtec.cat\/ceip-jruyra-l-h\/general\/sortida-teatre-a-cicle-inicial\/","title":{"rendered":"Sortida Teatre a Cicle Inicial"},"content":{"rendered":"<p>Estimades fam\u00edlies,<\/p>\n<p><img loading=\"lazy\" decoding=\"async\" class=\"wp-image-15878 alignright\" src=\"https:\/\/agora.xtec.cat\/ceip-jruyra-l-h\/wp-content\/uploads\/usu2049\/2024\/10\/3069_barradas-photo-2022-07-28-11-18-272.jpg\" alt=\"\" width=\"328\" height=\"247\" srcset=\"https:\/\/agora.xtec.cat\/ceip-jruyra-l-h\/wp-content\/uploads\/usu2049\/2024\/10\/3069_barradas-photo-2022-07-28-11-18-272.jpg 697w, https:\/\/agora.xtec.cat\/ceip-jruyra-l-h\/wp-content\/uploads\/usu2049\/2024\/10\/3069_barradas-photo-2022-07-28-11-18-272-300x225.jpg 300w, https:\/\/agora.xtec.cat\/ceip-jruyra-l-h\/wp-content\/uploads\/usu2049\/2024\/10\/3069_barradas-photo-2022-07-28-11-18-272-200x150.jpg 200w\" sizes=\"auto, (max-width: 328px) 100vw, 328px\" \/><span style=\"font-family: inherit; font-size: 1em;\">El p<\/span><span style=\"font-family: inherit; font-size: 1em;\">assat dijous 17 d&#8217;octubre els nens i nenes de 1r i 2n vam realitzar la nostra primera sortida d&#8217;aquest curs. Vam utilitzar el metro p<\/span><span style=\"font-family: inherit; font-size: 1em;\">er arribar a l&#8217;auditori Barrades i veure l&#8217;espectacle de titelles titulat &#8216;El vol de les papallones&#8217;. Despr\u00e9s de l&#8217;espectacle, la pluja no ens va deixar anar al parc, per\u00f2 ho vam passar d&#8217;all\u00f2 m\u00e9s b\u00e9 al pati amb m\u00fasica i balls. A continuaci\u00f3, us deixem un tastet d&#8217;algunes <a href=\"https:\/\/drive.google.com\/drive\/folders\/1gvkr8TyIq_HiKl66uYUHAlsV5UwaB-pk?usp=share_link\">fotografies<\/a> i de l&#8217;espectacle que vam gaudir.<\/span><\/p>\n<p>&nbsp;<\/p>\n<p>&nbsp;<\/p>\n","protected":false},"excerpt":{"rendered":"<p>Estimades fam\u00edlies,<br \/>\nEl passat dijous 17 d&#8217;octubre els nens i nenes de 1r i 2n vam realitzar la nostra primera sortida d&#8217;aquest curs. Vam utilitzar el metro per arribar a l&#8217;auditori Barrades i veure l&#8217;espectacle de titelles titulat &#8216;El vol de les papallones&#8217;. Despr\u00e9s de l&#8217;espectacle,&hellip;  <a href=\"https:\/\/agora.xtec.cat\/ceip-jruyra-l-h\/general\/sortida-teatre-a-cicle-inicial\/\" title=\"Read Sortida Teatre a Cicle Inicial\">Llegeix m\u00e9s\u00bb<\/a><\/p>\n","protected":false},"author":51,"featured_media":15878,"comment_status":"open","ping_status":"closed","sticky":false,"template":"","format":"standard","meta":{"_bbp_topic_count":0,"_bbp_reply_count":0,"_bbp_total_topic_count":0,"_bbp_total_reply_count":0,"_bbp_voice_count":0,"_bbp_anonymous_reply_count":0,"_bbp_topic_count_hidden":0,"_bbp_reply_count_hidden":0,"_bbp_forum_subforum_count":0,"footnotes":""},"categories":[10,11,1],"tags":[],"class_list":["post-15877","post","type-post","status-publish","format-standard","has-post-thumbnail","hentry","category-1r","category-2n","category-general"],"post_mailing_queue_ids":[],"_links":{"self":[{"href":"https:\/\/agora.xtec.cat\/ceip-jruyra-l-h\/wp-json\/wp\/v2\/posts\/15877","targetHints":{"allow":["GET"]}}],"collection":[{"href":"https:\/\/agora.xtec.cat\/ceip-jruyra-l-h\/wp-json\/wp\/v2\/posts"}],"about":[{"href":"https:\/\/agora.xtec.cat\/ceip-jruyra-l-h\/wp-json\/wp\/v2\/types\/post"}],"author":[{"embeddable":true,"href":"https:\/\/agora.xtec.cat\/ceip-jruyra-l-h\/wp-json\/wp\/v2\/users\/51"}],"replies":[{"embeddable":true,"href":"https:\/\/agora.xtec.cat\/ceip-jruyra-l-h\/wp-json\/wp\/v2\/comments?post=15877"}],"version-history":[{"count":5,"href":"https:\/\/agora.xtec.cat\/ceip-jruyra-l-h\/wp-json\/wp\/v2\/posts\/15877\/revisions"}],"predecessor-version":[{"id":15897,"href":"https:\/\/agora.xtec.cat\/ceip-jruyra-l-h\/wp-json\/wp\/v2\/posts\/15877\/revisions\/15897"}],"wp:featuredmedia":[{"embeddable":true,"href":"https:\/\/agora.xtec.cat\/ceip-jruyra-l-h\/wp-json\/wp\/v2\/media\/15878"}],"wp:attachment":[{"href":"https:\/\/agora.xtec.cat\/ceip-jruyra-l-h\/wp-json\/wp\/v2\/media?parent=15877"}],"wp:term":[{"taxonomy":"category","embeddable":true,"href":"https:\/\/agora.xtec.cat\/ceip-jruyra-l-h\/wp-json\/wp\/v2\/categories?post=15877"},{"taxonomy":"post_tag","embeddable":true,"href":"https:\/\/agora.xtec.cat\/ceip-jruyra-l-h\/wp-json\/wp\/v2\/tags?post=15877"}],"curies":[{"name":"wp","href":"https:\/\/api.w.org\/{rel}","templated":true}]}}